
{"meta":{"title":"Daniel Jenisch; Sauder, Gerhard (Hg.): Ausgew\u00e4hlte Texte. St. Ingbert: R\u00f6hrig, 1996.[...]","meta-title":"Daniel Jenisch; Sauder, Gerhard (Hg.): Ausgew\u00e4hlte Texte. St. Ingbert: R\u00f6hrig, 1996. < Bibliographie","meta-description":"Bibliographie","canonical-url":"https:\/\/berlinerklassik.bbaw.de\/bibliographie\/3280","api-url":"https:\/\/berlinerklassik.bbaw.de\/api\/bibliographie\/3280","zitat":{"bereich":"Bibliografie","bearbeitet":"","titel":"Daniel Jenisch; Sauder, Gerhard (Hg.): Ausgew\u00e4hlte Texte. St. Ingbert: R\u00f6hrig, 1996.[...]"},"count":1,"search":"","translations":"bibliographie","breadcrumb":[{"url":"https:\/\/berlinerklassik.bbaw.de\/bibliographie","text":"Bibliographie"},{"url":"https:\/\/berlinerklassik.bbaw.de\/bibliographie\/3280","text":"Daniel Jenisch; Sauder, Gerhard (Hg.): Ausgew\u00e4hlte Texte. St. Ingbert: R\u00f6hrig, 1996.[...]"}]},"data":{"id":3280,"biblio_titel":"Ausgew\u00e4hlte Texte","biblio_untertitel":"","herausgeber_inst":null,"bandzahl":null,"seitenzahl":null,"auflagenzahl":null,"seitenumfang":"115 S.","heftnummer":null,"verlagsort":"St. Ingbert","verleger":"R\u00f6hrig","jahr":"1996","publik_sonstiges":null,"anonym":null,"pseudonym":null,"namensverweis":"\n","zusatzinfo":null,"literaturart":"primaer","unselb_veroeffentlicht_in_id":null,"unselb_veroeffentlicht_intext":null,"publikationsart":"Monographie","serientitel1":"Kleines Archiv des achtzehnten Jahrhunderts, 26","serientitel2":null,"biblio_kommentar":null,"isbn":null,"preis":null,"in_arbeitsstelle":null,"biblio_nachweis":null,"notizen":"\n","created_at":"2004-08-06T17:38:45.000000Z","updated_at":"2022-04-22T17:00:27.000000Z","created_user":1,"updated_user":7,"fm_biblio_id":"003551","freigeschaltet":1,"formattedEntry":"Daniel Jenisch; Sauder, Gerhard (Hg.): Ausgew\u00e4hlte Texte. St. Ingbert: R\u00f6hrig, 1996.","autoren":[{"id":3225,"bkperson_id":2398,"regberuf_id":6,"updated_at":null,"pivot":{"bibliographie_id":3280,"bkperson_regberuf_id":3225,"autor_typ":"bibliographie"},"person":{"id":2398,"bknachname":"Sauder","bkvorname":"Gerhard","bkgeschlecht":null,"fm_personen_id":null,"lexname":null},"beruf":{"id":6,"regberuf":"autom_Herausgeber"}},{"id":2559,"bkperson_id":539,"regberuf_id":2,"updated_at":null,"pivot":{"bibliographie_id":3280,"bkperson_regberuf_id":2559,"autor_typ":"autor1"},"person":{"id":539,"bknachname":"Jenisch","bkvorname":"Daniel","bkgeschlecht":"m","fm_personen_id":"000073","lexname":null},"beruf":{"id":2,"regberuf":"autom_Autor"}}],"in":null}}