
{"meta":{"title":"Werder, Wolfgang von: Geschichte des m\u00e4rkisch-magdeburgischen Geschlechts von Werder verbunden mit N[...]","meta-title":"Werder, Wolfgang von: Geschichte des m\u00e4rkisch-magdeburgischen Geschlechts von Werder verbunden mit Nachrichten von den \u00fcbringen adligen Sippen Werderschen Namens. G\u00f6rlitz: Starke, 1937 - 1941. < Bibliographie","meta-description":"Bibliographie","canonical-url":"https:\/\/berlinerklassik.bbaw.de\/bibliographie\/3848","api-url":"https:\/\/berlinerklassik.bbaw.de\/api\/bibliographie\/3848","zitat":{"bereich":"Bibliografie","bearbeitet":"","titel":"Werder, Wolfgang von: Geschichte des m\u00e4rkisch-magdeburgischen Geschlechts von Werder verbunden mit N[...]"},"count":1,"search":"","translations":"bibliographie","breadcrumb":[{"url":"https:\/\/berlinerklassik.bbaw.de\/bibliographie","text":"Bibliographie"},{"url":"https:\/\/berlinerklassik.bbaw.de\/bibliographie\/3848","text":"Werder, Wolfgang von: Geschichte des m\u00e4rkisch-magdeburgischen Geschlechts von Werder verbunden mit N[...]"}]},"data":{"id":3848,"biblio_titel":"Geschichte des m\u00e4rkisch-magdeburgischen Geschlechts von Werder verbunden mit Nachrichten von den \u00fcbringen adligen Sippen Werderschen Namens","biblio_untertitel":"","herausgeber_inst":null,"bandzahl":"4 Bde.","seitenzahl":null,"auflagenzahl":null,"seitenumfang":null,"heftnummer":null,"verlagsort":"G\u00f6rlitz","verleger":"Starke","jahr":"1937 - 1941","publik_sonstiges":null,"anonym":null,"pseudonym":null,"namensverweis":"\n","zusatzinfo":null,"literaturart":"primaer","unselb_veroeffentlicht_in_id":null,"unselb_veroeffentlicht_intext":null,"publikationsart":"Monographie","serientitel1":null,"serientitel2":null,"biblio_kommentar":"\n","isbn":null,"preis":null,"in_arbeitsstelle":null,"biblio_nachweis":null,"notizen":"\n","created_at":"2004-08-06T17:38:45.000000Z","updated_at":"2022-04-22T17:00:27.000000Z","created_user":1,"updated_user":7,"fm_biblio_id":"004216","freigeschaltet":1,"formattedEntry":"Werder, Wolfgang von: Geschichte des m\u00e4rkisch-magdeburgischen Geschlechts von Werder verbunden mit Nachrichten von den \u00fcbringen adligen Sippen Werderschen Namens. G\u00f6rlitz: Starke, 1937 - 1941.","autoren":[{"id":3480,"bkperson_id":2636,"regberuf_id":2,"updated_at":null,"pivot":{"bibliographie_id":3848,"bkperson_regberuf_id":3480,"autor_typ":"autor1"},"person":{"id":2636,"bknachname":"Werder","bkvorname":"Wolfgang von","bkgeschlecht":null,"fm_personen_id":null,"lexname":null},"beruf":{"id":2,"regberuf":"autom_Autor"}}],"in":null}}