
{"meta":{"title":"Meder, Stephan: Mi\u00dfverstehen und verstehen. Savignys Grundlegung der juristischen Hermeneutik. T\u00fcbin[...]","meta-title":"Meder, Stephan: Mi\u00dfverstehen und verstehen. Savignys Grundlegung der juristischen Hermeneutik. T\u00fcbingen: Mohr-Siebeck, 2004. < Bibliographie","meta-description":"Bibliographie","canonical-url":"https:\/\/berlinerklassik.bbaw.de\/bibliographie\/6391","api-url":"https:\/\/berlinerklassik.bbaw.de\/api\/bibliographie\/6391","zitat":{"bereich":"Bibliografie","bearbeitet":"","titel":"Meder, Stephan: Mi\u00dfverstehen und verstehen. Savignys Grundlegung der juristischen Hermeneutik. T\u00fcbin[...]"},"count":1,"search":"","translations":"bibliographie","breadcrumb":[{"url":"https:\/\/berlinerklassik.bbaw.de\/bibliographie","text":"Bibliographie"},{"url":"https:\/\/berlinerklassik.bbaw.de\/bibliographie\/6391","text":"Meder, Stephan: Mi\u00dfverstehen und verstehen. Savignys Grundlegung der juristischen Hermeneutik. T\u00fcbin[...]"}]},"data":{"id":6391,"biblio_titel":"Mi\u00dfverstehen und verstehen","biblio_untertitel":"Savignys Grundlegung der juristischen Hermeneutik","herausgeber_inst":null,"bandzahl":null,"seitenzahl":null,"auflagenzahl":null,"seitenumfang":"XIV, 269 S.","heftnummer":null,"verlagsort":"T\u00fcbingen","verleger":"Mohr-Siebeck","jahr":"2004","publik_sonstiges":null,"anonym":null,"pseudonym":null,"namensverweis":null,"zusatzinfo":null,"literaturart":"sekundaer","unselb_veroeffentlicht_in_id":null,"unselb_veroeffentlicht_intext":null,"publikationsart":"Monographie","serientitel1":null,"serientitel2":null,"biblio_kommentar":null,"isbn":null,"preis":null,"in_arbeitsstelle":null,"biblio_nachweis":null,"notizen":null,"created_at":"2007-07-30T15:38:04.000000Z","updated_at":"2022-04-22T16:58:32.000000Z","created_user":7,"updated_user":7,"fm_biblio_id":null,"freigeschaltet":1,"formattedEntry":"Meder, Stephan: Mi\u00dfverstehen und verstehen. Savignys Grundlegung der juristischen Hermeneutik. T\u00fcbingen: Mohr-Siebeck, 2004.","autoren":[{"id":7112,"bkperson_id":5067,"regberuf_id":2,"updated_at":null,"pivot":{"bibliographie_id":6391,"bkperson_regberuf_id":7112,"autor_typ":"autor1"},"person":{"id":5067,"bknachname":"Meder","bkvorname":"Stephan","bkgeschlecht":null,"fm_personen_id":null,"lexname":null},"beruf":{"id":2,"regberuf":"autom_Autor"}}],"in":null}}