
{"meta":{"title":"Sommer, Klaus: Die Medaillen des K\u00f6niglich Preu\u00dfischen Hof-Medailleurs Daniel Friedrich Loos und sei[...]","meta-title":"Sommer, Klaus: Die Medaillen des K\u00f6niglich Preu\u00dfischen Hof-Medailleurs Daniel Friedrich Loos und seines Ateliers. Osnabr\u00fcck: Biblio-Verlag, 1981. < Bibliographie","meta-description":"Bibliographie","canonical-url":"https:\/\/berlinerklassik.bbaw.de\/bibliographie\/7311","api-url":"https:\/\/berlinerklassik.bbaw.de\/api\/bibliographie\/7311","zitat":{"bereich":"Bibliografie","bearbeitet":"","titel":"Sommer, Klaus: Die Medaillen des K\u00f6niglich Preu\u00dfischen Hof-Medailleurs Daniel Friedrich Loos und sei[...]"},"count":1,"search":"","translations":"bibliographie","breadcrumb":[{"url":"https:\/\/berlinerklassik.bbaw.de\/bibliographie","text":"Bibliographie"},{"url":"https:\/\/berlinerklassik.bbaw.de\/bibliographie\/7311","text":"Sommer, Klaus: Die Medaillen des K\u00f6niglich Preu\u00dfischen Hof-Medailleurs Daniel Friedrich Loos und sei[...]"}]},"data":{"id":7311,"biblio_titel":"Die Medaillen des K\u00f6niglich Preu\u00dfischen Hof-Medailleurs Daniel Friedrich Loos und seines Ateliers","biblio_untertitel":"","herausgeber_inst":null,"bandzahl":null,"seitenzahl":null,"auflagenzahl":null,"seitenumfang":"XXIII, 233 S. ","heftnummer":null,"verlagsort":"Osnabr\u00fcck","verleger":"Biblio-Verlag","jahr":"1981","publik_sonstiges":null,"anonym":null,"pseudonym":null,"namensverweis":null,"zusatzinfo":null,"literaturart":"sekundaer","unselb_veroeffentlicht_in_id":null,"unselb_veroeffentlicht_intext":null,"publikationsart":"Monographie","serientitel1":null,"serientitel2":null,"biblio_kommentar":null,"isbn":null,"preis":null,"in_arbeitsstelle":null,"biblio_nachweis":null,"notizen":null,"created_at":"2007-09-25T13:09:35.000000Z","updated_at":"2022-04-22T16:58:32.000000Z","created_user":7,"updated_user":7,"fm_biblio_id":null,"freigeschaltet":1,"formattedEntry":"Sommer, Klaus: Die Medaillen des K\u00f6niglich Preu\u00dfischen Hof-Medailleurs Daniel Friedrich Loos und seines Ateliers. Osnabr\u00fcck: Biblio-Verlag, 1981.","autoren":[{"id":7560,"bkperson_id":5315,"regberuf_id":2,"updated_at":null,"pivot":{"bibliographie_id":7311,"bkperson_regberuf_id":7560,"autor_typ":"autor1"},"person":{"id":5315,"bknachname":"Sommer","bkvorname":"Klaus","bkgeschlecht":null,"fm_personen_id":null,"lexname":null},"beruf":{"id":2,"regberuf":"autom_Autor"}}],"in":null}}