
{"meta":{"meta-title":"Johann Gottfried Moelter < Personen","meta-description":"Johann Gottfried Moelter < Personen","canonical-url":"https:\/\/berlinerklassik.bbaw.de\/personen\/4886","api-url":"https:\/\/berlinerklassik.bbaw.de\/api\/personen\/4886","zitat":{"bereich":"Person","bearbeitet":"","titel":"Johann Gottfried Moelter"},"count":{"lebensdaten":8,"namensformen":0,"genealogie":1,"biographie":1,"werke":0,"berlinaufenthalte":0,"register":1,"quellen":0},"translations":"personen","breadcrumb":[{"url":"https:\/\/berlinerklassik.bbaw.de\/personen","text":"Personen"},{"url":"https:\/\/berlinerklassik.bbaw.de\/personen\/4886","text":"Johann Gottfried Moelter"}]},"data":{"id":4886,"zusatz_id":4886,"meta":{"meta-title":"Johann Gottfried Moelter < Personen","meta-description":"Johann Gottfried Moelter < Personen","canonical-url":"https:\/\/berlinerklassik.bbaw.de\/personen\/4886","api-url":"https:\/\/berlinerklassik.bbaw.de\/api\/personen\/4886"},"title":"Johann Gottfried Moelter","nachname":"Moelter","vorname":"Johann Gottfried","lexikal-name":null,"titel":"","adelstitel":"","adelspraedikat":"","geburtsdatum":"1754","geburtsort":null,"geburtsland":null,"staatsangehoerigkeit":"","geschlecht":"m\u00e4nnlich","konfession":"","sterbedatum":"01.06.1805","sterbeort":"Berlin","sterbeland":null,"berufe":["Geh. Regierungsrat"],"vereine":[" <a href=\"https:\/\/berlinerklassik.bbaw.de\/geselligkeit\/45\" class=\"link-hover text-primary\">Akademie der K\u00fcnste<\/a>"],"bekanntschaften":[],"dynastie":null,"geburtsname":null,"gebadelspraedikat":"","gebtitel":"","geschieden":null,"verwitwet":null,"pseudonym":null,"namensvarianten":null,"namensaenderung":null,"lebenslauf":"\u00dcber den Geheimen Regierungsrat, Bergrat und Ober-Salzinspektor ist bisher wenig bekannt.<br><b><br>1786<br><\/b>Gr\u00fcndungsmitglied des Senats der Akademie<b><br><\/b>Wohnung M\u00f6lters in Dienstsitz am K\u00f6niglichen Salz-Hof in der Wallstra\u00dfe 84.<b><br><br>1787<br><\/b>M\u00f6lter \u00fcbernimmt das Amt des Kassenkurators. Er entwirft in enger Zusammenarbeit mit dem Kurator Heinit, die Finanzpl\u00e4ne der Akademie und kontrolliert die monatlichen und j\u00e4hrlichen Abrechungen. Von 1787 bis 1791 stehen M\u00f6lter der Akademiedirektor und ein Rektor in einer sog. \u00d6konomischen Kommission der Akademie zur Seite. Danach werden die Kassensachen von M\u00f6lter mit Hilfe von Buchhaltern gef\u00fchrt. (<span style=\"mso-ansi-language:EN-GB\" lang=\"EN-GB\">GStA PK<\/span><span style=\"mso-ansi-language:EN-GB\" lang=\"EN-GB\">, I. HA Rep. 76 alt III, Nr. 259<\/span>)<br><br><b>1790<\/b><br>M\u00f6lter \u00fcbernimmt von Karl Philipp Moritz das Amt des Sekret\u00e4rs der Akademie. Er wohnt den w\u00f6chentlichen Senatssitzungen bei und fertigt die Protokolle an.<br><br><b>1792<br><\/b>M\u00f6lters Tochter Julie stirbt im Alter von vier Jahren. Eine Portr\u00e4tzeichnung Schadows, von der nicht gewiss ist, ob sie nach dem Leben oder als Erinnerungsbild nach ihren Tod angefertigt wurde, zeigt sie als Vierj\u00e4hrige. (Schadow Zeichnungen 2006, Bd. 1, S. 115, Nr. 299).<br>M\u00f6lter war mit Schadow und vermutlich auch einigen anderen an der Akademie t\u00e4tigen K\u00fcnstlern befreundet.<br><b><br>1799<\/b> <br>M\u00f6lter stellt den Bauantrag f\u00fcr ein Landhaus im Tiergarten, der Auftrag wird an Friedrich Gilly vergeben. <br><br><b>1800<\/b><br>Fertigstellung des Landhaus M\u00e4lter. Das Haus ist Friedrich Gillys einziger ausgef\u00fchrter Bau, im Jahr der Fertigstellung verstarb er bereits.<br>An der Ausstattung des Hauses wirkten Johann Gottfried Schadow (Reliefs f\u00fcr die Fassade), Friedrich Georg Weitsch, Carl Franz Jakob Heinrich Schuhmann (Deckengem\u00e4lde in \u00d6l), Johann Gottfried Niedlich (Bacchuszug, freskierter Fries in \"Reliefmalerei\"und einige andere K\u00fcnstler mit. Das Mobiliar wurde vermutlich ebenfalls von Gilly entworfen?<br><br>Das Haus, das von der Familie M\u00f6lter als Sommerhaus genutzt wurde, erlangte wegen seiner Architektur einige Ber\u00fchmtheit, es wurde in mehreren Beschreibungen portr\u00e4tiert. Um 1860 wurde das Haus abgerissen.<br><br><b>1802<\/b><br>Ausf\u00fchrliche Beschreibung des Hauses im Katalog der Akademieausstellung (B\u00f6rsch-Supan, Kataloge, Bd. 1, 1802, S. 97f.)<br><br><b>1803<\/b><br>Eine weitere Beschreibung des Hauses erscheint in der Zeitung f\u00fcr die elegante Welt, 3 (1803), Mai, Nr. 62, S. 491-493 (Hahn 2009, S. 282).<br><br><!--[if gte mso 9]><xml>\n <w:WordDocument>\n  <w:View>Normal<\/w:View>\n  <w:Zoom>0<\/w:Zoom>\n  <w:HyphenationZone>21<\/w:HyphenationZone>\n  <w:PunctuationKerning\/>\n  <w:ValidateAgainstSchemas\/>\n  <w:SaveIfXMLInvalid>false<\/w:SaveIfXMLInvalid>\n  <w:IgnoreMixedContent>false<\/w:IgnoreMixedContent>\n  <w:AlwaysShowPlaceholderText>false<\/w:AlwaysShowPlaceholderText>\n  <w:Compatibility>\n   <w:BreakWrappedTables\/>\n   <w:SnapToGridInCell\/>\n   <w:WrapTextWithPunct\/>\n   <w:UseAsianBreakRules\/>\n   <w:DontGrowAutofit\/>\n  <\/w:Compatibility>\n  <w:BrowserLevel>MicrosoftInternetExplorer4<\/w:BrowserLevel>\n <\/w:WordDocument>\n<\/xml><![endif]--><span style=\"font-size:12.0pt;mso-bidi-font-size:10.0pt;\nfont-family:&quot;Times New Roman&quot;;mso-fareast-font-family:&quot;Times New Roman&quot;;\nmso-ansi-language:DE;mso-fareast-language:DE;mso-bidi-language:AR-SA\">Am <\/span>18.8.1803<!--[if gte mso 9]><xml>\n <w:LatentStyles DefLockedState=\"false\" LatentStyleCount=\"156\">\n <\/w:LatentStyles>\n<\/xml><![endif]--><!--[if gte mso 10]>\n<style>\n \/* Style Definitions *\/\n table.MsoNormalTable\n\t{mso-style-name:\"Normale Tabelle\";\n\tmso-tstyle-rowband-size:0;\n\tmso-tstyle-colband-size:0;\n\tmso-style-noshow:yes;\n\tmso-style-parent:\"\";\n\tmso-padding-alt:0cm 5.4pt 0cm 5.4pt;\n\tmso-para-margin:0cm;\n\tmso-para-margin-bottom:.0001pt;\n\tmso-pagination:widow-orphan;\n\tfont-size:10.0pt;\n\tfont-family:\"Times New Roman\";\n\tmso-ansi-language:#0400;\n\tmso-fareast-language:#0400;\n\tmso-bidi-language:#0400;}\n<\/style>\n<![endif]--> bittet M\u00f6lter den neuen Kurator der Akademie der K\u00fcnste, Karl August von Hardenberg, <!--[if gte mso 9]><xml>\n <w:WordDocument>\n  <w:View>Normal<\/w:View>\n  <w:Zoom>0<\/w:Zoom>\n  <w:HyphenationZone>21<\/w:HyphenationZone>\n  <w:PunctuationKerning\/>\n  <w:ValidateAgainstSchemas\/>\n  <w:SaveIfXMLInvalid>false<\/w:SaveIfXMLInvalid>\n  <w:IgnoreMixedContent>false<\/w:IgnoreMixedContent>\n  <w:AlwaysShowPlaceholderText>false<\/w:AlwaysShowPlaceholderText>\n  <w:Compatibility>\n   <w:BreakWrappedTables\/>\n   <w:SnapToGridInCell\/>\n   <w:WrapTextWithPunct\/>\n   <w:UseAsianBreakRules\/>\n   <w:DontGrowAutofit\/>\n  <\/w:Compatibility>\n  <w:BrowserLevel>MicrosoftInternetExplorer4<\/w:BrowserLevel>\n <\/w:WordDocument>\n<\/xml><![endif]-->um\neinen sechsw\u00f6chigen Urlaub, um die Salzfaktoreien in der Kur- und Altmark, die seiner\nAufsicht unterstehen, zu besuchen und eine Reise in Familienangelegenheiten nach\nS\u00fcdpreu\u00dfen zu unternehmen. Der Urlaub wird genehmigt. (GStA, I. HA Rep., 76 alt III, Nr. 52)<br><br><b>1804<\/b><br>Im Januar schreibt ein Kriegsrat <!--[if gte mso 9]><xml>\n <w:WordDocument>\n  <w:View>Normal<\/w:View>\n  <w:Zoom>0<\/w:Zoom>\n  <w:HyphenationZone>21<\/w:HyphenationZone>\n  <w:PunctuationKerning\/>\n  <w:ValidateAgainstSchemas\/>\n  <w:SaveIfXMLInvalid>false<\/w:SaveIfXMLInvalid>\n  <w:IgnoreMixedContent>false<\/w:IgnoreMixedContent>\n  <w:AlwaysShowPlaceholderText>false<\/w:AlwaysShowPlaceholderText>\n  <w:Compatibility>\n   <w:BreakWrappedTables\/>\n   <w:SnapToGridInCell\/>\n   <w:WrapTextWithPunct\/>\n   <w:UseAsianBreakRules\/>\n   <w:DontGrowAutofit\/>\n  <\/w:Compatibility>\n  <w:BrowserLevel>MicrosoftInternetExplorer4<\/w:BrowserLevel>\n <\/w:WordDocument>\n<\/xml><![endif]-->Weisbeck&nbsp; an Hardenberg, dass er geh\u00f6rt habe, Moelter l\u00e4ge im\nSterben. Er bittet um seine Stelle.\n\n<!--[if gte mso 9]><xml>\n <w:LatentStyles DefLockedState=\"false\" LatentStyleCount=\"156\">\n <\/w:LatentStyles>\n<\/xml><![endif]--><!--[if gte mso 10]>\n<style>\n \/* Style Definitions *\/\n table.MsoNormalTable\n\t{mso-style-name:\"Normale Tabelle\";\n\tmso-tstyle-rowband-size:0;\n\tmso-tstyle-colband-size:0;\n\tmso-style-noshow:yes;\n\tmso-style-parent:\"\";\n\tmso-padding-alt:0cm 5.4pt 0cm 5.4pt;\n\tmso-para-margin:0cm;\n\tmso-para-margin-bottom:.0001pt;\n\tmso-pagination:widow-orphan;\n\tfont-size:10.0pt;\n\tfont-family:\"Times New Roman\";\n\tmso-ansi-language:#0400;\n\tmso-fareast-language:#0400;\n\tmso-bidi-language:#0400;}\n<\/style>\n<![endif]-->Hardenberg antwortet, M\u00f6lter bef\u00e4nde sich auf dem Weg der Besserung. Auch in diesem Jahr nimmt M\u00f6lter vom 18. September an einen mehrw\u00f6chigen Urlaub zur Kontrolle der Salzfaktoreien. (GStA, I. HA Rep., 76 alt III, Nr. 52)<br><br><b>1805<\/b><br>Am 20. Mai beantragt M\u00f6lter&nbsp; bei Hardenberg <!--[if gte mso 9]><xml>\n <w:WordDocument>\n  <w:View>Normal<\/w:View>\n  <w:Zoom>0<\/w:Zoom>\n  <w:HyphenationZone>21<\/w:HyphenationZone>\n  <w:PunctuationKerning\/>\n  <w:ValidateAgainstSchemas\/>\n  <w:SaveIfXMLInvalid>false<\/w:SaveIfXMLInvalid>\n  <w:IgnoreMixedContent>false<\/w:IgnoreMixedContent>\n  <w:AlwaysShowPlaceholderText>false<\/w:AlwaysShowPlaceholderText>\n  <w:Compatibility>\n   <w:BreakWrappedTables\/>\n   <w:SnapToGridInCell\/>\n   <w:WrapTextWithPunct\/>\n   <w:UseAsianBreakRules\/>\n   <w:DontGrowAutofit\/>\n  <\/w:Compatibility>\n  <w:BrowserLevel>MicrosoftInternetExplorer4<\/w:BrowserLevel>\n <\/w:WordDocument>\n<\/xml><![endif]-->einen\nachtw\u00f6chigen Urlaub f\u00fcr eine Kur in T\u00f6plitz. Am 1. Juni stirbt M\u00f6lter. Sein Nachfolger als Gesch\u00e4ftsf\u00fchrer der Akademie wird der Geheimrat Sack. (GStA, I. HA Rep., 76 alt III, Nr. 52)<br><br><b>1811<\/b><br>Beschreibung des M\u00f6lterschen Landhauses durch Heinrich Rockstroh: Ein sch\u00f6nes Gartenhaus, in: Journal f\u00fcr Kunst und Kunstsachen, K\u00fcnsteleien und Mode, 2,1 (1811), April, S. 217-219, Tafel XI.<br><br><b>Literatur:<\/b><br>Schadow Kataloge = Sibylle Badst\u00fcbner-Gr\u00f6ger, Claudia Czok, Jutta v. Simson: Johann Gottfried Schadow. Die Zeichnungen. Katalog, 3 Bde. Berlin 2006.<br>Matthias Hahn: Schauplatz der Moderne. Berlin um 1800 - ein topographischer Wegweiser, Hannover: Wehrhahn 2009.<br><br><!--[if gte mso 9]><xml>\n <w:WordDocument>\n  <w:View>Normal<\/w:View>\n  <w:Zoom>0<\/w:Zoom>\n  <w:HyphenationZone>21<\/w:HyphenationZone>\n  <w:PunctuationKerning\/>\n  <w:ValidateAgainstSchemas\/>\n  <w:SaveIfXMLInvalid>false<\/w:SaveIfXMLInvalid>\n  <w:IgnoreMixedContent>false<\/w:IgnoreMixedContent>\n  <w:AlwaysShowPlaceholderText>false<\/w:AlwaysShowPlaceholderText>\n  <w:Compatibility>\n   <w:BreakWrappedTables\/>\n   <w:SnapToGridInCell\/>\n   <w:WrapTextWithPunct\/>\n   <w:UseAsianBreakRules\/>\n   <w:DontGrowAutofit\/>\n  <\/w:Compatibility>\n  <w:BrowserLevel>MicrosoftInternetExplorer4<\/w:BrowserLevel>\n <\/w:WordDocument>\n<\/xml><![endif]-->\n\n<p class=\"MsoNormal\" style=\"margin-bottom:0cm;margin-bottom:.0001pt\"><b style=\"mso-bidi-font-weight:normal\">GStAPK, I. HA Rep. 76 alt III, Nr. 52:<\/b>\nActa betreffend die Anstellung des Herrn Berg Raths Moelter bey der Academie,\nund die, durch das Reglement vom 26. Januar 1790 geschehnen Ernennung desselben\nzum Cassencurator und beym Curatorio vortragenden, die Expeditiones besorgenden\nRath. Nicht foliert, etwa 30 Blatt.<\/p>\n\n<!--[if gte mso 9]><xml>\n <w:LatentStyles DefLockedState=\"false\" LatentStyleCount=\"156\">\n <\/w:LatentStyles>\n<\/xml><![endif]--><!--[if gte mso 10]>\n<style>\n \/* Style Definitions *\/\n table.MsoNormalTable\n\t{mso-style-name:\"Normale Tabelle\";\n\tmso-tstyle-rowband-size:0;\n\tmso-tstyle-colband-size:0;\n\tmso-style-noshow:yes;\n\tmso-style-parent:\"\";\n\tmso-padding-alt:0cm 5.4pt 0cm 5.4pt;\n\tmso-para-margin:0cm;\n\tmso-para-margin-bottom:.0001pt;\n\tmso-pagination:widow-orphan;\n\tfont-size:10.0pt;\n\tfont-family:\"Times New Roman\";\n\tmso-ansi-language:#0400;\n\tmso-fareast-language:#0400;\n\tmso-bidi-language:#0400;}\n<\/style>\n<![endif]--><br><!--[if gte mso 9]><xml>\n <w:WordDocument>\n  <w:View>Normal<\/w:View>\n  <w:Zoom>0<\/w:Zoom>\n  <w:HyphenationZone>21<\/w:HyphenationZone>\n  <w:PunctuationKerning\/>\n  <w:ValidateAgainstSchemas\/>\n  <w:SaveIfXMLInvalid>false<\/w:SaveIfXMLInvalid>\n  <w:IgnoreMixedContent>false<\/w:IgnoreMixedContent>\n  <w:AlwaysShowPlaceholderText>false<\/w:AlwaysShowPlaceholderText>\n  <w:Compatibility>\n   <w:BreakWrappedTables\/>\n   <w:SnapToGridInCell\/>\n   <w:WrapTextWithPunct\/>\n   <w:UseAsianBreakRules\/>\n   <w:DontGrowAutofit\/>\n  <\/w:Compatibility>\n  <w:BrowserLevel>MicrosoftInternetExplorer4<\/w:BrowserLevel>\n <\/w:WordDocument>\n<\/xml><![endif]-->\n\n\n\n\n\n<p class=\"MsoNormal\"><b><span style=\"mso-ansi-language:EN-GB\" lang=\"EN-GB\">GStA PK<\/span><span style=\"mso-ansi-language:EN-GB\" lang=\"EN-GB\">, I. HA Rep. 76 alt III, Nr. 259<\/span><\/b>: Acta Generalia betreffend die Academischen Cassen-Sachen und\ndie deshalb gemachten Anordnungen 1787-1791. Nicht foliert [18 Bl.]<\/p>\n\n<!--[if gte mso 9]><xml>\n <w:LatentStyles DefLockedState=\"false\" LatentStyleCount=\"156\">\n <\/w:LatentStyles>\n<\/xml><![endif]--><!--[if !mso]><object\n classid=\"clsid:38481807-CA0E-42D2-BF39-B33AF135CC4D\" id=ieooui><\/object>\n<style>\nst1\\:*{behavior:url(#ieooui) }\n<\/style>\n<![endif]--><!--[if gte mso 10]>\n<style>\n \/* Style Definitions *\/\n table.MsoNormalTable\n\t{mso-style-name:\"Normale Tabelle\";\n\tmso-tstyle-rowband-size:0;\n\tmso-tstyle-colband-size:0;\n\tmso-style-noshow:yes;\n\tmso-style-parent:\"\";\n\tmso-padding-alt:0cm 5.4pt 0cm 5.4pt;\n\tmso-para-margin:0cm;\n\tmso-para-margin-bottom:.0001pt;\n\tmso-pagination:widow-orphan;\n\tfont-size:10.0pt;\n\tfont-family:\"Times New Roman\";\n\tmso-ansi-language:#0400;\n\tmso-fareast-language:#0400;\n\tmso-bidi-language:#0400;}\n<\/style>\n<![endif]--><br>\n\n","genealogie":"Ehefrau: Leopoldine M\u00f6lter, geb. M\u00fcller\nTochter: Amalie M\u00f6lter","primaer":null,"sekundaer":null,"berlinaufenthalte":[],"fach":["Verwaltung"],"institution":[],"ort":[],"verein":[],"quellen_liste":null,"quellen_allgemein":""}}