
{"meta":{"meta-title":"Johann Gottlieb Fichte < Personen","meta-description":"Johann Gottlieb Fichte < Personen","canonical-url":"https:\/\/berlinerklassik.bbaw.de\/personen\/536","api-url":"https:\/\/berlinerklassik.bbaw.de\/api\/personen\/536","zitat":{"bereich":"Person","bearbeitet":"","titel":"Johann Gottlieb Fichte"},"count":{"lebensdaten":12,"namensformen":0,"genealogie":1,"biographie":1,"werke":2,"berlinaufenthalte":0,"register":2,"quellen":0},"translations":"personen","breadcrumb":[{"url":"https:\/\/berlinerklassik.bbaw.de\/personen","text":"Personen"},{"url":"https:\/\/berlinerklassik.bbaw.de\/personen\/536","text":"Johann Gottlieb Fichte"}]},"data":{"id":536,"zusatz_id":536,"meta":{"meta-title":"Johann Gottlieb Fichte < Personen","meta-description":"Johann Gottlieb Fichte < Personen","canonical-url":"https:\/\/berlinerklassik.bbaw.de\/personen\/536","api-url":"https:\/\/berlinerklassik.bbaw.de\/api\/personen\/536"},"title":"Johann Gottlieb Fichte","nachname":"Fichte","vorname":"Johann Gottlieb","lexikal-name":null,"titel":"","adelstitel":"","adelspraedikat":"","geburtsdatum":"19.05.1762","geburtsort":"Rammenau","geburtsland":"Sachsen","staatsangehoerigkeit":"","geschlecht":"m\u00e4nnlich","konfession":"","sterbedatum":"29.01.1814","sterbeort":"Berlin","sterbeland":"Preu\u00dfen","berufe":["Philosoph"],"vereine":[" <a href=\"https:\/\/berlinerklassik.bbaw.de\/geselligkeit\/25\" class=\"link-hover text-primary\">Christlich-deutsche Tischgesellschaft (gegr\u00fcndet: 18.01.1811 aufgel\u00f6st: 1834)<\/a>"," <a href=\"https:\/\/berlinerklassik.bbaw.de\/geselligkeit\/6\" class=\"link-hover text-primary\">Mittwochsgesellschaft (Fe\u00dflersche) (gegr\u00fcndet: 01.10.1796 aufgel\u00f6st: 31.12.1806)<\/a>"],"bekanntschaften":{"9":"<a href=\"https:\/\/berlinerklassik.bbaw.de\/personen\/481\" class=\"link-hover text-primary\">Karl Sigmund Franz Altenstein (Jurist, Finanz-und Bildungsminister)<\/a>","10":"<a href=\"https:\/\/berlinerklassik.bbaw.de\/personen\/492\" class=\"link-hover text-primary\">Christian Samuel Theodor Bernd (Sprachwissenschaftler, Schriftsteller, P\u00e4dagoge, Heraldiker)<\/a>","4":"<a href=\"https:\/\/berlinerklassik.bbaw.de\/personen\/602\" class=\"link-hover text-primary\">Clemens Wenzeslaus Maria Brentano (Dichter)<\/a>","16":"<a href=\"https:\/\/berlinerklassik.bbaw.de\/personen\/6073\" class=\"link-hover text-primary\">Carl Gustav Brinckmann (Diplomat, Dichter)<\/a>","11":"<a href=\"https:\/\/berlinerklassik.bbaw.de\/personen\/498\" class=\"link-hover text-primary\">Ignaz Aurelius Fe\u00dfler (Theologe, Publizist)<\/a>","12":"<a href=\"https:\/\/berlinerklassik.bbaw.de\/personen\/3798\" class=\"link-hover text-primary\">Johann Karl August Christian Fischer (Hofrat)<\/a>","8":"<a href=\"https:\/\/berlinerklassik.bbaw.de\/personen\/768\" class=\"link-hover text-primary\">Karl Friedrich Friesen (P\u00e4dagoge)<\/a>","0":"<a href=\"https:\/\/berlinerklassik.bbaw.de\/personen\/547\" class=\"link-hover text-primary\">Ernst Theodor Wilhelm Hoffmann (Jurist, Schriftsteller, Komponist)<\/a>","1":"<a href=\"https:\/\/berlinerklassik.bbaw.de\/personen\/554\" class=\"link-hover text-primary\">Karl Christian Friedrich Krause (Philosoph, Privatdozent)<\/a>","5":"<a href=\"https:\/\/berlinerklassik.bbaw.de\/personen\/615\" class=\"link-hover text-primary\">Sara Levy (Musikerin, Saloni\u00e8re)<\/a>","13":"<a href=\"https:\/\/berlinerklassik.bbaw.de\/personen\/4178\" class=\"link-hover text-primary\">Johann Carl Heinrich Meyer (Arzt)<\/a>","2":"<a href=\"https:\/\/berlinerklassik.bbaw.de\/personen\/560\" class=\"link-hover text-primary\">Barthold Georg Niebuhr (Bankier, Historiker)<\/a>","14":"<a href=\"https:\/\/berlinerklassik.bbaw.de\/personen\/4190\" class=\"link-hover text-primary\">Johann Friedrich Reichardt (Komponist, Musikschriftsteller)<\/a>","15":"<a href=\"https:\/\/berlinerklassik.bbaw.de\/personen\/4191\" class=\"link-hover text-primary\">Wilhelm Karl Ferdinand Roeder (Milit\u00e4r)<\/a>","6":"<a href=\"https:\/\/berlinerklassik.bbaw.de\/personen\/742\" class=\"link-hover text-primary\">Christian Wilhelm Sch\u00fctz (Schriftsteller)<\/a>","3":"<a href=\"https:\/\/berlinerklassik.bbaw.de\/personen\/570\" class=\"link-hover text-primary\">Karl Wilhelm Ferdinand Solger (Philosoph)<\/a>","7":"<a href=\"https:\/\/berlinerklassik.bbaw.de\/personen\/745\" class=\"link-hover text-primary\">Sophie Tieck - Bernhardi - Knorring (Lyrikerin, Epikerin und Dramatikerin)<\/a>"},"dynastie":null,"geburtsname":null,"gebadelspraedikat":"","gebtitel":"","geschieden":null,"verwitwet":null,"pseudonym":null,"namensvarianten":null,"namensaenderung":null,"lebenslauf":"Schulbesuch in Schulpforta, Studium in Jena, Leipzig und Wittenberg. Sp\u00e4ter Aufenthalt in der Schweiz und in K\u00f6nigsberg, dort Bekanntschaft mit Kant.<br><br>1793<br>Ruf nach Jena<br><br>1799<br>Im Fr\u00fchjahr verliert Fichte in Folge des sog. Atheismusstreits seine Professur an der Universit\u00e4t Jena.<br>Am 3. Juli kommt Fichte nach Berlin.<br><br>1800<br>Bereitet den Umzug der bis dato in Jena zur\u00fcck gebliebenen Familie nach Berlin vor. Fichte ist bem\u00fcht, politische und gesellschaftliche Kontakte zu kn\u00fcpfen; als Forum dient ihm insbesondere seine freimaurerische T\u00e4tigkeit in der Loge Royal.<br><br>1804<br>Fichte h\u00e4lt in seiner Wohnung in der Kommandantenstrasse 9 Vorlesungen zur Wissenschaftslehre, an der ein Prinz, \"7 Minister, 6 zuk\u00fcnftige Minister und 5 Gesandte neben zahlreichen angesehenen Wissenschaftlern, Schriftstellern und K\u00fcnstler\" teil nahmen (Reinhard Lauth, \u00dcber Fichtes Lehrt\u00e4tigkeit in Berlin von Mitte 1799 bis Anfang 1805 und seine Zuh\u00f6rerschaft, in: Hegel-Studien 15, S. 47).<br><br>1806<br>W\u00e4hrend seine Familie in Berlin bleibt, schlie\u00dft sich Fichte im Oktober der Flucht des preussischen Hofes nach K\u00f6nigsberg und Memel an; seine Aufgabe besteht v.a. in der Zensur der Tagespresse, die \u00fcber das Befinden des exilierten Hofes berichtet.<br><span style=\"color: rgb(204, 0, 0);\">?? Lt. Haude- und Spenerscher Zeitung vom 17. April 1806 ist Fichte zum ordentlichen Professor der spekulativen Philosophie in Erlangen ernannt worden und zu dieser Zeit bereits dorthin abgegangen?? - M.- L.<\/span><br><br>1807<br>Im Fr\u00fchjahr erscheint Fichtes Schrift <i style=\"color: rgb(255, 102, 0);\">Ueber Machiavell<\/i>.<br><br>1808<br>Im Fr\u00fchjahr kommt es zum Abschlu\u00df seiner <span style=\"font-style: italic; color: rgb(255, 102, 0);\">Reden an die deutsche Nation<\/span>. Fichte erkrankt und ist zu mehreren Kuraufenthalten gezwungen.<br><br>1809<br><br>1810<br>Fichte wird im Herbst durch Wilhelm von Humboldt als Professor f\u00fcr Philosophie an die neu gegr\u00fcndete Berliner Universit\u00e4t berufen, zu deren ersten Rektor er im folgenden Jahr gew\u00e4hlt wird.<br><br>1811<br> Im Herbst tritt Fichte das Rektorat an der Berliner Universit\u00e4t an, bittet jedoch bereits im kommenden Fr\u00fchjahr um die Entlassung aus dem Amt.<br><br>1814<br>Am 29. Januar stirbt Fichte an den Folgen einer schweren fiebrigen Erkrankung. Sein Tod wird in der Haude- und Spenerschen Zeitung vom 1. Februar 1814 mit einer \"Literarischen Notiz\" gemeldet: Durch das am 29sten Januar hieselbst erfolgte Absterben des Professor Fichte, haben die Wissenschaften einen bedeutenden Verlust erlitten.<br>Am 31. Januar wird Fichte auf dem Friedhof vor dem Oranienburger Tor beigesetzt.<br><br>AM<br>\n ","genealogie":"- Vater: Christian (1737-1802), Bandwirker - Mutter: Johanna Dorothea Schurich (1739-1813) * 1793 in Baden bei Z\u00fcrich mit Johanna Rahn (1755-1819) - Sohn: Immanuel Hermann (1796-1879, 1863 geadelt)","primaer":["<a href=\"https:\/\/berlinerklassik.bbaw.de\/bibliographie\/4074\" class=\"link-hover text-primary\">Der Streit um die Romantik (1820 - 1854)<\/a>","<a href=\"https:\/\/berlinerklassik.bbaw.de\/bibliographie\/5280\" class=\"link-hover text-primary\">Die Idee der deutschen Universit\u00e4t<\/a>","<a href=\"https:\/\/berlinerklassik.bbaw.de\/bibliographie\/5562\" class=\"link-hover text-primary\">Der Streit um die Gestalt einer Ersten Philosophie<\/a>","<a href=\"https:\/\/berlinerklassik.bbaw.de\/bibliographie\/5638\" class=\"link-hover text-primary\">Einleitung<\/a>"],"sekundaer":["<a href=\"https:\/\/berlinerklassik.bbaw.de\/bibliographie\/3893\" class=\"link-hover text-primary\">Aus Fichtes Leben<\/a>","<a href=\"https:\/\/berlinerklassik.bbaw.de\/bibliographie\/4507\" class=\"link-hover text-primary\">Schelling - Fichte Briefwechsel<\/a>","<a href=\"https:\/\/berlinerklassik.bbaw.de\/bibliographie\/4621\" class=\"link-hover text-primary\">Von Jena nach Rom<\/a>","<a href=\"https:\/\/berlinerklassik.bbaw.de\/bibliographie\/5560\" class=\"link-hover text-primary\">Johann Gottlieb Fichtes >Wissenschaftslehre 1805<<\/a>","<a href=\"https:\/\/berlinerklassik.bbaw.de\/bibliographie\/5561\" class=\"link-hover text-primary\">Fichtes Idee der Nation und das Judentum<\/a>","<a href=\"https:\/\/berlinerklassik.bbaw.de\/bibliographie\/5637\" class=\"link-hover text-primary\">Fichte in Berlin<\/a>","<a href=\"https:\/\/berlinerklassik.bbaw.de\/bibliographie\/5639\" class=\"link-hover text-primary\">Fichte in Berlin<\/a>","<a href=\"https:\/\/berlinerklassik.bbaw.de\/bibliographie\/5640\" class=\"link-hover text-primary\">Von der Selbstsetzung des Ich zur Sicherscheinung der Erscheinung<\/a>","<a href=\"https:\/\/berlinerklassik.bbaw.de\/bibliographie\/5641\" class=\"link-hover text-primary\">Religion, Revolution und Transzendentalphilosophie<\/a>","<a href=\"https:\/\/berlinerklassik.bbaw.de\/bibliographie\/5642\" class=\"link-hover text-primary\">Fichte, Schelling und die Riesenschlacht um das Sein<\/a>","<a href=\"https:\/\/berlinerklassik.bbaw.de\/bibliographie\/5643\" class=\"link-hover text-primary\">Fichte und Platon \u2013 Zur Aktualit\u00e4t idealistischer Bildungs- und Erziehungsphilosophie<\/a>","<a href=\"https:\/\/berlinerklassik.bbaw.de\/bibliographie\/5644\" class=\"link-hover text-primary\">Fichtes Idee vom Rechts- und Sozialstaat<\/a>","<a href=\"https:\/\/berlinerklassik.bbaw.de\/bibliographie\/5645\" class=\"link-hover text-primary\">Fichte, ein Machiavellist dem Kantischen Erlaubnisgesetz zufolge<\/a>","<a href=\"https:\/\/berlinerklassik.bbaw.de\/bibliographie\/5646\" class=\"link-hover text-primary\">Fr\u00fchnationalismus und Freiheit<\/a>","<a href=\"https:\/\/berlinerklassik.bbaw.de\/bibliographie\/6213\" class=\"link-hover text-primary\">\"... das ganze Reich der Ideen\"<\/a>","<a href=\"https:\/\/berlinerklassik.bbaw.de\/bibliographie\/10573\" class=\"link-hover text-primary\">Die Zeit der schweren Not<\/a>"],"berlinaufenthalte":[],"fach":["Philosophie"],"institution":[],"ort":[],"verein":["Mittwochsgesellschaft (Fe\u00dflersche)","Christlich-deutsche Tischgesellschaft"],"quellen_liste":null,"quellen_allgemein":""}}