
{"meta":{"meta-title":"Friedrich Gedike < Personen","meta-description":"Friedrich Gedike < Personen","canonical-url":"https:\/\/berlinerklassik.bbaw.de\/personen\/542","api-url":"https:\/\/berlinerklassik.bbaw.de\/api\/personen\/542","zitat":{"bereich":"Person","bearbeitet":"","titel":"Friedrich Gedike"},"count":{"lebensdaten":10,"namensformen":0,"genealogie":1,"biographie":1,"werke":2,"berlinaufenthalte":1,"register":3,"quellen":0},"translations":"personen","breadcrumb":[{"url":"https:\/\/berlinerklassik.bbaw.de\/personen","text":"Personen"},{"url":"https:\/\/berlinerklassik.bbaw.de\/personen\/542","text":"Friedrich Gedike"}]},"data":{"id":542,"zusatz_id":542,"meta":{"meta-title":"Friedrich Gedike < Personen","meta-description":"Friedrich Gedike < Personen","canonical-url":"https:\/\/berlinerklassik.bbaw.de\/personen\/542","api-url":"https:\/\/berlinerklassik.bbaw.de\/api\/personen\/542"},"title":"Friedrich Gedike","nachname":"Gedike","vorname":"Friedrich","lexikal-name":null,"titel":"","adelstitel":"","adelspraedikat":"","geburtsdatum":"15.01.1754","geburtsort":"Boberow bei Lenzen\/Priegnitz","geburtsland":null,"staatsangehoerigkeit":"","geschlecht":"m\u00e4nnlich","konfession":"","sterbedatum":"02.05.1803","sterbeort":"Berlin","sterbeland":null,"berufe":["P\u00e4dagoge","Publizist","Bibliothekar","Theologe"],"vereine":[" <a href=\"https:\/\/berlinerklassik.bbaw.de\/geselligkeit\/21\" class=\"link-hover text-primary\">(Geheime) Mittwochsgesellschaft (gegr\u00fcndet: 10.1783 aufgel\u00f6st: 11.1798)<\/a>"," <a href=\"https:\/\/berlinerklassik.bbaw.de\/geselligkeit\/20\" class=\"link-hover text-primary\">Montagsklub (gegr\u00fcndet: 10.1750 aufgel\u00f6st: 1936)<\/a>"," <a href=\"https:\/\/berlinerklassik.bbaw.de\/geselligkeit\/44\" class=\"link-hover text-primary\">Akademie der Wissenschaften<\/a>"," <a href=\"https:\/\/berlinerklassik.bbaw.de\/geselligkeit\/45\" class=\"link-hover text-primary\">Akademie der K\u00fcnste<\/a>"],"bekanntschaften":{"5":"<a href=\"https:\/\/berlinerklassik.bbaw.de\/personen\/492\" class=\"link-hover text-primary\">Christian Samuel Theodor Bernd (Sprachwissenschaftler, Schriftsteller, P\u00e4dagoge, Heraldiker)<\/a>","4":"<a href=\"https:\/\/berlinerklassik.bbaw.de\/personen\/662\" class=\"link-hover text-primary\">Johann Erich Biester (Publizist, Bibliothekar)<\/a>","7":"<a href=\"https:\/\/berlinerklassik.bbaw.de\/personen\/532\" class=\"link-hover text-primary\">Philipp Karl Buttmann (Altphilologe, Bibliothekar)<\/a>","6":"<a href=\"https:\/\/berlinerklassik.bbaw.de\/personen\/531\" class=\"link-hover text-primary\">Anton Friedrich B\u00fcsching (Theologe, Naturwissenschaftler, Lehrer)<\/a>","8":"<a href=\"https:\/\/berlinerklassik.bbaw.de\/personen\/3865\" class=\"link-hover text-primary\">Carl Franz Irwing (Theologe)<\/a>","0":"<a href=\"https:\/\/berlinerklassik.bbaw.de\/personen\/555\" class=\"link-hover text-primary\">Jacob Konrad  Andreas Levezow (Altphilologe, Altertumswissenschaftler, Lehrer)<\/a>","1":"<a href=\"https:\/\/berlinerklassik.bbaw.de\/personen\/571\" class=\"link-hover text-primary\">Georg Ludwig Spalding (Philologe, P\u00e4dagoge)<\/a>","2":"<a href=\"https:\/\/berlinerklassik.bbaw.de\/personen\/572\" class=\"link-hover text-primary\">Johann Joachim Spalding (Theologe, Prediger)<\/a>","3":"<a href=\"https:\/\/berlinerklassik.bbaw.de\/personen\/595\" class=\"link-hover text-primary\">Wilhelm Heinrich Wackenroder (Schriftsteller)<\/a>"},"dynastie":null,"geburtsname":null,"gebadelspraedikat":"","gebtitel":"","geschieden":null,"verwitwet":null,"pseudonym":null,"namensvarianten":null,"namensaenderung":null,"lebenslauf":"<b> 1755<\/b><br>Friedrich Gedike wird in Boberow\/ Prignitz als Sohn eines evangelisch-lutherischen Predigers geboren. <br><br><b>1764<\/b><br>Tod des Vaters. <br><b><br>1771<\/b><br>Studium der Theologie an der Universit\u00e4t Frankfurt\/ Oder. Intensiver Unterricht in griechischer und hebr\u00e4ischer Sprache. <br><br><b>1775<\/b><br>Umzug nach Berlin. Anstellung als Hauslehrer der S\u00f6hne Johann Joachim Spaldings. <br><br><b>1776<\/b><br>Ernennung Gedikes zum Subrector des Friedrichs-Werderschen Gymnasiums durch den Berliner Magistrat. Reform des Friedrichs-Werderschen Gymnasiums: Einf\u00fchrung des Fachsystems in st\u00e4rker getrennte und zahlenm\u00e4\u00dfig vermehrte Klassen, Gr\u00fcndung einer Bibliothek f\u00fcr Sch\u00fcler, Einf\u00fchrung neuer Schulb\u00fccher und viertelj\u00e4hrlicher Zensuren f\u00fcr die unteren, und halbj\u00e4hrlicher Zensuren f\u00fcr die oberen Klassen. Gleichzeitig erfolgt die \u00dcbersetzung zahlreicher Werke aus dem Lateinischen und Griechischen. Im folgenden verfasst Gedike zahlreiche p\u00e4dagogische Schriften sowie Lehrb\u00fccher, u.a. ein griechisches (1781), ein lateinisches (1782) sowie ein franz\u00f6sisches Lesebuch. <br><br><b>Ab 1783 <\/b><br>Herausgabe der \"Berlinischen Monatsschrift\" mit Johann Erich Biester. <br><br><b>1784<\/b><br>Heirat mit Wilhelmine Thym, Tochter eines Sekret\u00e4rs des reformierten Kirchendirektoriums.<br><br><b>1787<\/b><br>Mit der erfolgten Einrichtung einer Oberschulkollegiums durch Karl A. v. Zedlitz wird Gedike dort mit dem Titel eines Oberschulrates aufgenommen. Gr\u00fcndung des \"Seminars f\u00fcr gelehrte Schulen\" zur Ausbildung von P\u00e4dagogen, die bereits als Lehrer t\u00e4tig sind. <br><br><b>1789<\/b><br>Im Auftrag Friedrich Wilhelms II. unternimmt Gedike eine Deutschlandreise, auf der er die Universit\u00e4ten des Reiches inspiziert. Die Ergebnisse ver\u00f6ffentlicht er in der \"Berlinischen Monatsschrift\". Unter den Berliner Aufkl\u00e4rern entbrennt eine Debatte \u00fcber die Vor- und Nachteile Berlins als Universit\u00e4tsstandort.<br><br><b>1790<\/b><br>Aufnahme in die philologische Klasse der K\u00f6niglichen Akademie der Wissenschaften in Berlin. <br><br><b>1791<\/b><br>Ernennung zum Mitdirektor des Berlinisch-K\u00f6llnischen Gymnasiums (Zum grauen Kloster) neben Anton Friedrich B\u00fcsching durch den Berliner Magistrat. Im selben Jahr Doktordiplom der theologischen Fakult\u00e4t an der Universit\u00e4t Halle. <br><b><br>1797<\/b><br>Im Sommer Italienreise, u.a. nach Venedig, Turin, Florenz, Rom, Neapel. Assessor und Mitglied der Berliner Akademie der K\u00fcnste und mechanischen Wissenschaften. <br><br><b>Ab 1800<\/b><br>Herausgabe der \"Annalen des preu\u00dfischen Schul- und Kirchenwesens\". <br><br><b>1803<\/b><br>Tod Gedikes am 2. Mai im Alter von nur 49 Jahren. Der \"f\u00fchrende Vertreter der friederizianischen Aufkl\u00e4rung\" (NDB) wird am 5. Mai auf dem Friedhof der Nicolaikirche bestattet. Im Januar 1804 erscheint in der Berlinischen Monatsschrift ein 17 Seiten langer anonymer Nachruf, der Leben und Werk des preu\u00dfischen P\u00e4dagogen und Bildungspolitikers ehrt: \"Genie, und Eifer, waren seine unterscheidenden Gaben; und was sich mit diesen, bei Verstand und Charakter, auch in einem nicht langen Leben, f\u00fcr sich, f\u00fcr Andere, f\u00fcr den Staat, f\u00fcr die Menschheit \u00fcberhaupt, leisten l\u00e4\u00dft, hat sein Beispiel gezeigt.\"<br>Im Sinne der auf Gleichgewicht und Nutzen bedachten Berliner Aufkl\u00e4rung f\u00e4llt auch die Charakteristik Gedikes aus: \"Der gl\u00fchende, an Leidenschaft gr\u00e4nzende Trieb, der ihm so viel besiegen half, und so viel fast \u00fcberaschend gelingen lie\u00df,&nbsp; hat ihn nie zu einer Ausschweifung, oder auch nur zu einer verkehrten Anwendung des Genies fortgerissen, sondern hielt ihn blo\u00df in rastloser Anstrengung auf der edlen Bahn der Ehre und der Wissenschaften.\" <br>Der Autor vervollst\u00e4ndigt die Lobrede mit dem Abdruck einer Kabinetsordre Friedrich Wilhelms II. vom April 1803. Der K\u00f6nig fordert Gedike darin zu einer Studienreise in die Schweiz auf, um vor Ort die \"Pestalozzische Unterrichtsmethode\" zu begutachten. Gedike genie\u00dft beim Monarchen h\u00f6chstes Ansehen. Dieser preist den P\u00e4dagogen als \"einen Mann von anerkannten p\u00e4dagogischen Kenntnissen und Erfahrungen, dem Ich zugleich W\u00e4rme f\u00fcr Alles was den Unterricht verbessern kann, und Unbefangenheit genug zutrauen konnte, um sich nicht vom Reize der Neuheit blenden zu lassen (...).\" (Berlinische Monatsschrift 1804, S. 3-20). Die Reise kommt aufgrund der Krankheit nicht zustande. <br><br><b>Literatur<\/b><br><i>Berlinische Monatsschrift<\/i>. Januar 1804.<br><br>Barinsky, Fritz: Artikel zu Gedike. In: <i>Neue deutsche Biographie<\/i>. Bd. 6. Hrsg. von der Historischen Kommission der Bayerischen Akademie der Wissenschaften. Berlin: Duncker &amp; Humblot 1964<b><br><br><br>SH<br><br><br><br><\/b><br>","genealogie":"Vater: Friedrich Gedike (1718-1762)\nMutter: Eleonore, geborene Seger","primaer":["<a href=\"https:\/\/berlinerklassik.bbaw.de\/bibliographie\/1614\" class=\"link-hover text-primary\">Einige Worte zum Andenken ...<\/a>","<a href=\"https:\/\/berlinerklassik.bbaw.de\/bibliographie\/2283\" class=\"link-hover text-primary\">Luthers P\u00e4dagogik oder Gedanken \u00fcber Erziehung und Schulwesen<\/a>","<a href=\"https:\/\/berlinerklassik.bbaw.de\/bibliographie\/2287\" class=\"link-hover text-primary\">Franz\u00f6sisches Lesebuch f\u00fcr Anf\u00e4nger nebst einer kurzen Grammatik<\/a>","<a href=\"https:\/\/berlinerklassik.bbaw.de\/bibliographie\/2289\" class=\"link-hover text-primary\">\u00dcber den Begrif einer gelehrten Schule<\/a>","<a href=\"https:\/\/berlinerklassik.bbaw.de\/bibliographie\/2290\" class=\"link-hover text-primary\">\u00dcber die H\u00fclfw\u00f6rter und \u00fcber die Tempora des Verbums<\/a>","<a href=\"https:\/\/berlinerklassik.bbaw.de\/bibliographie\/2291\" class=\"link-hover text-primary\">Das scheidende Jahrhundert<\/a>","<a href=\"https:\/\/berlinerklassik.bbaw.de\/bibliographie\/2295\" class=\"link-hover text-primary\">Rede bei der Uebernehmung der Direktion des Berlinisch-K\u00f6lnischen Gymnasiums<\/a>","<a href=\"https:\/\/berlinerklassik.bbaw.de\/bibliographie\/2296\" class=\"link-hover text-primary\">Einige Gedanken \u00fcber die Ordnung und Folge der Gegenst\u00e4nde des jugendlichen Unterrichts<\/a>","<a href=\"https:\/\/berlinerklassik.bbaw.de\/bibliographie\/2297\" class=\"link-hover text-primary\">Ausf\u00fchrliche Nachricht von dem mit dem Friedrichswerderschen Gymnasium verbundenen Seminarium f\u00fcr gelehrte Schulen<\/a>","<a href=\"https:\/\/berlinerklassik.bbaw.de\/bibliographie\/2298\" class=\"link-hover text-primary\">Rede bei der Aufnahme in die K\u00f6n[igliche] Akademie der Wissenschaften den 4ten Februar 1790 <\/a>","<a href=\"https:\/\/berlinerklassik.bbaw.de\/bibliographie\/2299\" class=\"link-hover text-primary\">Einige Gedanken \u00fcber Schulb\u00fccher und Kinderschriften<\/a>","<a href=\"https:\/\/berlinerklassik.bbaw.de\/bibliographie\/2300\" class=\"link-hover text-primary\">Einige Gedanken \u00fcber den m\u00fcndlichen Vortrag des Schulmanns<\/a>","<a href=\"https:\/\/berlinerklassik.bbaw.de\/bibliographie\/2301\" class=\"link-hover text-primary\">Geschichte des Friedrichswerderschen Gymnasiums<\/a>","<a href=\"https:\/\/berlinerklassik.bbaw.de\/bibliographie\/3220\" class=\"link-hover text-primary\">Englisches Lesebuch f\u00fcr Anf\u00e4nger nebst W\u00f6rterbuch und Sprachlehre<\/a>","<a href=\"https:\/\/berlinerklassik.bbaw.de\/bibliographie\/3584\" class=\"link-hover text-primary\">Pindars Pythische Siegeshymnen<\/a>","<a href=\"https:\/\/berlinerklassik.bbaw.de\/bibliographie\/3585\" class=\"link-hover text-primary\">Praktischer Beitrag zur Methodik des \u00f6ffentlichen Schulunterrichts<\/a>","<a href=\"https:\/\/berlinerklassik.bbaw.de\/bibliographie\/3595\" class=\"link-hover text-primary\">M. Tullii Ciceronis Historia philosophiae antiquae<\/a>"],"sekundaer":["<a href=\"https:\/\/berlinerklassik.bbaw.de\/bibliographie\/2304\" class=\"link-hover text-primary\">Staat, Volk und Weltb\u00fcrgertum in der Berlinischen Monatsschrift von Friedrich Gedike und Johann Erich Biester  (1783-96)<\/a>","<a href=\"https:\/\/berlinerklassik.bbaw.de\/bibliographie\/3597\" class=\"link-hover text-primary\">Lateinisch und Griechisch an den Berliner Schulen<\/a>","<a href=\"https:\/\/berlinerklassik.bbaw.de\/bibliographie\/3599\" class=\"link-hover text-primary\">Allgemeine Revision des gesamten Schul- und Erziehungswesens von einer Gesellschaft praktischer Erzieher<\/a>","<a href=\"https:\/\/berlinerklassik.bbaw.de\/bibliographie\/3600\" class=\"link-hover text-primary\">Lateinischer und griechischer Unterricht<\/a>","<a href=\"https:\/\/berlinerklassik.bbaw.de\/bibliographie\/3601\" class=\"link-hover text-primary\">Sprache und Inhalt lateinischer Lehrbuchtexte<\/a>","<a href=\"https:\/\/berlinerklassik.bbaw.de\/bibliographie\/3602\" class=\"link-hover text-primary\">Die \"Lesest\u00fccke\" im lateinischen Anfangsunterricht<\/a>","<a href=\"https:\/\/berlinerklassik.bbaw.de\/bibliographie\/3603\" class=\"link-hover text-primary\">Lateinsprechen im Unterricht<\/a>","<a href=\"https:\/\/berlinerklassik.bbaw.de\/bibliographie\/3605\" class=\"link-hover text-primary\">Bericht \u00fcber den Vortrag von Peter Rohrlach zur Geschichte des Berlinischen Gymnasiums zum Grauen Kloster<\/a>","<a href=\"https:\/\/berlinerklassik.bbaw.de\/bibliographie\/3606\" class=\"link-hover text-primary\">Comenius und der heutige Lateinunterricht<\/a>","<a href=\"https:\/\/berlinerklassik.bbaw.de\/bibliographie\/3607\" class=\"link-hover text-primary\">Was hei\u00dft heute 'lebendiges Latein?'<\/a>","<a href=\"https:\/\/berlinerklassik.bbaw.de\/bibliographie\/3608\" class=\"link-hover text-primary\">Latein und Europa<\/a>","<a href=\"https:\/\/berlinerklassik.bbaw.de\/bibliographie\/3609\" class=\"link-hover text-primary\">Geschichte des Grauen Klosters zu Berlin<\/a>","<a href=\"https:\/\/berlinerklassik.bbaw.de\/bibliographie\/3610\" class=\"link-hover text-primary\">Friedrich Gedike und Schinkel<\/a>","<a href=\"https:\/\/berlinerklassik.bbaw.de\/bibliographie\/3611\" class=\"link-hover text-primary\">Friedrich Gedike<\/a>","<a href=\"https:\/\/berlinerklassik.bbaw.de\/bibliographie\/3612\" class=\"link-hover text-primary\">Das preu\u00dfische Gymnasium in Staat und Gesellschaft<\/a>","<a href=\"https:\/\/berlinerklassik.bbaw.de\/bibliographie\/3613\" class=\"link-hover text-primary\">Geschichte der Methodik des lateinischen Elementarunterrichts seit der Reformation<\/a>","<a href=\"https:\/\/berlinerklassik.bbaw.de\/bibliographie\/3614\" class=\"link-hover text-primary\">Der Streit des Philanthropismus und Humanismus in der Theorie des Erziehungs-Unterrichts unserer Zeit<\/a>","<a href=\"https:\/\/berlinerklassik.bbaw.de\/bibliographie\/3615\" class=\"link-hover text-primary\">Geschichte des gelehrten Unterrichts auf den deutschen Schulen und Universit\u00e4ten<\/a>","<a href=\"https:\/\/berlinerklassik.bbaw.de\/bibliographie\/3616\" class=\"link-hover text-primary\">Das deutsche Bildungswesen in seiner geschichtlichen Entwicklung<\/a>","<a href=\"https:\/\/berlinerklassik.bbaw.de\/bibliographie\/3618\" class=\"link-hover text-primary\">Berliner Schulgeschichte<\/a>","<a href=\"https:\/\/berlinerklassik.bbaw.de\/bibliographie\/3619\" class=\"link-hover text-primary\">Welche alte klassische Autoren, wie, in welcher Folge und Verbindung mit anderen Studien soll man sie auf Schulen lesen?<\/a>","<a href=\"https:\/\/berlinerklassik.bbaw.de\/bibliographie\/3620\" class=\"link-hover text-primary\">Lehrbuch der Geschichte der P\u00e4dagogik<\/a>","<a href=\"https:\/\/berlinerklassik.bbaw.de\/bibliographie\/3621\" class=\"link-hover text-primary\">Die Geschichte der P\u00e4dagogik in weltgeschichtlicher Entwicklung und im organischen Zusammenhange mit dem Culturleben der V\u00f6lker<\/a>","<a href=\"https:\/\/berlinerklassik.bbaw.de\/bibliographie\/3622\" class=\"link-hover text-primary\">Friedrich Gedike<\/a>","<a href=\"https:\/\/berlinerklassik.bbaw.de\/bibliographie\/3623\" class=\"link-hover text-primary\">Friedrich Gedike (1754 - 1803)<\/a>","<a href=\"https:\/\/berlinerklassik.bbaw.de\/bibliographie\/3625\" class=\"link-hover text-primary\">Das Friedrich Werdersche Gymnasium in Berlin als Modellschule der Sp\u00e4taufkl\u00e4rung<\/a>","<a href=\"https:\/\/berlinerklassik.bbaw.de\/bibliographie\/3626\" class=\"link-hover text-primary\">Friedrich Gedike, ein Schulp\u00e4dagoge, Publizist und Bildungspolitiker im Dienste der Aufkl\u00e4rung<\/a>","<a href=\"https:\/\/berlinerklassik.bbaw.de\/bibliographie\/3627\" class=\"link-hover text-primary\">Die Gelehrtenschulen Preu\u00dfens unter dem Oberschulkollegium 1787 - 1806 und das Abiturientenexamen<\/a>","<a href=\"https:\/\/berlinerklassik.bbaw.de\/bibliographie\/3628\" class=\"link-hover text-primary\">Wider das Lateinschreiben, an Herrn Direktor Gedike<\/a>","<a href=\"https:\/\/berlinerklassik.bbaw.de\/bibliographie\/3630\" class=\"link-hover text-primary\">Handbuch der Erziehungs- und Unterrichtslehre f\u00fcr h\u00f6here Schulen<\/a>","<a href=\"https:\/\/berlinerklassik.bbaw.de\/bibliographie\/5264\" class=\"link-hover text-primary\">Gedicke und Delbr\u00fcck<\/a>","<a href=\"https:\/\/berlinerklassik.bbaw.de\/bibliographie\/5667\" class=\"link-hover text-primary\">Zwischen Philanthropinismus  und Neuhumanismus: Die Begr\u00fcndung des altsprachlichen Unterrichts bei Friedrich Gedike (1754 - 1803<\/a>","<a href=\"https:\/\/berlinerklassik.bbaw.de\/bibliographie\/9584\" class=\"link-hover text-primary\">Friedrich Gedike wiederentdeckt<\/a>","<a href=\"https:\/\/berlinerklassik.bbaw.de\/bibliographie\/9586\" class=\"link-hover text-primary\">Zweck und Methode des Lateinlernens nach Friedrich Gedike (1754-1803)<\/a>","<a href=\"https:\/\/berlinerklassik.bbaw.de\/bibliographie\/9587\" class=\"link-hover text-primary\">Friedrich Gedike (1754-1803) und das moderne Gymnasium<\/a>","<a href=\"https:\/\/berlinerklassik.bbaw.de\/bibliographie\/9588\" class=\"link-hover text-primary\">Friedrich Gedike als Lateindidaktiker<\/a>","<a href=\"https:\/\/berlinerklassik.bbaw.de\/bibliographie\/9981\" class=\"link-hover text-primary\">\u00c9loge de Monsieur Gedike<\/a>"],"berlinaufenthalte":[{"zeitraum":"","gebaeude":"Brandsches Haus","damals_adresse":"N\u00e4he Gertraudenbr\u00fccke Berlin","heute_adresse":"Getraudenstrasse","kommentar":"Ab 1775 Wohnort in Berlin.\n"}],"fach":["Bibliothekswesen","P\u00e4dagogik"],"institution":["Akademie der Wissenschaften"],"ort":[],"verein":["Montagsclub","(Geheime) Mittwochsgesellschaft  "],"quellen_liste":null,"quellen_allgemein":""}}