
{"meta":{"meta-title":"Carl Friedrich Zelter < Personen","meta-description":"Carl Friedrich Zelter < Personen","canonical-url":"https:\/\/berlinerklassik.bbaw.de\/personen\/588","api-url":"https:\/\/berlinerklassik.bbaw.de\/api\/personen\/588","zitat":{"bereich":"Person","bearbeitet":"","titel":"Carl Friedrich Zelter"},"count":{"lebensdaten":10,"namensformen":0,"genealogie":0,"biographie":1,"werke":2,"berlinaufenthalte":0,"register":3,"quellen":0},"translations":"personen","breadcrumb":[{"url":"https:\/\/berlinerklassik.bbaw.de\/personen","text":"Personen"},{"url":"https:\/\/berlinerklassik.bbaw.de\/personen\/588","text":"Carl Friedrich Zelter"}]},"data":{"id":588,"zusatz_id":588,"meta":{"meta-title":"Carl Friedrich Zelter < Personen","meta-description":"Carl Friedrich Zelter < Personen","canonical-url":"https:\/\/berlinerklassik.bbaw.de\/personen\/588","api-url":"https:\/\/berlinerklassik.bbaw.de\/api\/personen\/588"},"title":"Carl Friedrich Zelter","nachname":"Zelter","vorname":"Carl Friedrich","lexikal-name":null,"titel":"","adelstitel":"","adelspraedikat":"","geburtsdatum":"11.12.1758","geburtsort":"Berlin","geburtsland":null,"staatsangehoerigkeit":"","geschlecht":"m\u00e4nnlich","konfession":"","sterbedatum":"15.05.1832","sterbeort":"Berlin","sterbeland":null,"berufe":["Komponist"],"vereine":[" <a href=\"https:\/\/berlinerklassik.bbaw.de\/geselligkeit\/17\" class=\"link-hover text-primary\">Berlinischer K\u00fcnstler-Verein (gegr\u00fcndet: 22.11.1814 aufgel\u00f6st: 1934)<\/a>"," <a href=\"https:\/\/berlinerklassik.bbaw.de\/geselligkeit\/55\" class=\"link-hover text-primary\">Sing-Academie (gegr\u00fcndet: 24.05.1791)<\/a>"," <a href=\"https:\/\/berlinerklassik.bbaw.de\/geselligkeit\/57\" class=\"link-hover text-primary\">Zeltersche Liedertafel (gegr\u00fcndet: 1808)<\/a>"," <a href=\"https:\/\/berlinerklassik.bbaw.de\/geselligkeit\/25\" class=\"link-hover text-primary\">Christlich-deutsche Tischgesellschaft (gegr\u00fcndet: 18.01.1811 aufgel\u00f6st: 1834)<\/a>"," <a href=\"https:\/\/berlinerklassik.bbaw.de\/geselligkeit\/6\" class=\"link-hover text-primary\">Mittwochsgesellschaft (Fe\u00dflersche) (gegr\u00fcndet: 01.10.1796 aufgel\u00f6st: 31.12.1806)<\/a>"," <a href=\"https:\/\/berlinerklassik.bbaw.de\/geselligkeit\/22\" class=\"link-hover text-primary\">Gesetzlose Gesellschaft (Nr. 1) (gegr\u00fcndet: 08.03.1806 aufgel\u00f6st: 1914)<\/a>"," <a href=\"https:\/\/berlinerklassik.bbaw.de\/geselligkeit\/45\" class=\"link-hover text-primary\">Akademie der K\u00fcnste<\/a>"," <a href=\"https:\/\/berlinerklassik.bbaw.de\/geselligkeit\/23\" class=\"link-hover text-primary\">Gesetzlose Gesellschaft (Nr. 2) (gegr\u00fcndet: 04.11.1809)<\/a>"," <a href=\"https:\/\/berlinerklassik.bbaw.de\/geselligkeit\/20\" class=\"link-hover text-primary\">Montagsklub (gegr\u00fcndet: 10.1750 aufgel\u00f6st: 1936)<\/a>"],"bekanntschaften":{"11":"<a href=\"https:\/\/berlinerklassik.bbaw.de\/personen\/943\" class=\"link-hover text-primary\">Lazarus Bendavid (Philosoph, Publizist, P\u00e4dagoge)<\/a>","2":"<a href=\"https:\/\/berlinerklassik.bbaw.de\/personen\/602\" class=\"link-hover text-primary\">Clemens Wenzeslaus Maria Brentano (Dichter)<\/a>","1":"<a href=\"https:\/\/berlinerklassik.bbaw.de\/personen\/597\" class=\"link-hover text-primary\">Carl Friedrich Christian Fasch (Komponist)<\/a>","4":"<a href=\"https:\/\/berlinerklassik.bbaw.de\/personen\/631\" class=\"link-hover text-primary\">David Friedl\u00e4nder (Kaufmann, Schriftsteller, Publizist)<\/a>","5":"<a href=\"https:\/\/berlinerklassik.bbaw.de\/personen\/643\" class=\"link-hover text-primary\">Johann Wolfgang Goethe (Dichter, Politiker)<\/a>","8":"<a href=\"https:\/\/berlinerklassik.bbaw.de\/personen\/547\" class=\"link-hover text-primary\">Ernst Theodor Wilhelm Hoffmann (Jurist, Schriftsteller, Komponist)<\/a>","9":"<a href=\"https:\/\/berlinerklassik.bbaw.de\/personen\/555\" class=\"link-hover text-primary\">Jacob Konrad  Andreas Levezow (Altphilologe, Altertumswissenschaftler, Lehrer)<\/a>","3":"<a href=\"https:\/\/berlinerklassik.bbaw.de\/personen\/615\" class=\"link-hover text-primary\">Sara Levy (Musikerin, Saloni\u00e8re)<\/a>","6":"<a href=\"https:\/\/berlinerklassik.bbaw.de\/personen\/659\" class=\"link-hover text-primary\">Giacomo Meyerbeer (Komponist, Musiker)<\/a>","13":"<a href=\"https:\/\/berlinerklassik.bbaw.de\/personen\/7456\" class=\"link-hover text-primary\">Christian Gottfried Schulz (Milit\u00e4r)<\/a>","10":"<a href=\"https:\/\/berlinerklassik.bbaw.de\/personen\/577\" class=\"link-hover text-primary\">Johann Daniel Wilhelm Otto Uhden (Jurist, Altertumsforscher)<\/a>","0":"<a href=\"https:\/\/berlinerklassik.bbaw.de\/personen\/595\" class=\"link-hover text-primary\">Wilhelm Heinrich Wackenroder (Schriftsteller)<\/a>","12":"<a href=\"https:\/\/berlinerklassik.bbaw.de\/personen\/4210\" class=\"link-hover text-primary\">Karl Christian Wolfart (Arzt, Universit\u00e4tsprofessor)<\/a>","7":"<a href=\"https:\/\/berlinerklassik.bbaw.de\/personen\/832\" class=\"link-hover text-primary\">Johann Eduard Wolff (Maler)<\/a>"},"dynastie":null,"geburtsname":null,"gebadelspraedikat":"","gebtitel":"","geschieden":null,"verwitwet":null,"pseudonym":null,"namensvarianten":null,"namensaenderung":null,"lebenslauf":"\n <b>1758<\/b> <br>\n Carl Friedrich Zelter wird am 11. Dezember als Sohn eines Maurers in Berlin\n geboren.<br>\n <br>\n <b>1783<\/b> <br>\n Zelter wird Maurermeister und Bauunternehmer in Berlin und \u00fcbernimmt das\n Gesch\u00e4ft seines Vaters. Nebenbei betreibt er intensive musikalische Studien\n und spaziert jeden Freitag zu seinem Lehrer Fasch nach Potsdam, um sich\n weiter zu bilden.<br>\n <b><br>\n 1786<\/b> <br>\n Erste Komposition<i>.<\/i> Auff\u00fchrung seiner Trauerkantate auf den Tod\n Friedrichs II. in der Potsdamer Garnisionskirche.<br>\n <br>\n <b>1791<\/b> <br>\n Zelter wird Mitglied der von Fasch gegr\u00fcndeten Berliner Singakademie, der\n ersten Singakademie Deutschlands.<br>\n <b><br>\n 1799<\/b> <br>\n Der Briefwechsel und die Freundschaft mit Goethe beginnt.<br>\n <br>\n <b>1800<\/b> <br>\n Nach Faschs Tod \u00fcbernimmt Zelter die Leitung der Singakademie.\n Hauptberuflich f\u00fchrt er den Betrieb des Vaters weiter. Erst nach den\n Befreiungskriegen gibt er das Gesch\u00e4ft auf, um sich ganz auf die Musik zu\n konzentrieren.<br>\n <br>\n <b>1807<\/b> <br>\n Zelter gr\u00fcndet eine Orchesterschule.<br>\n <b><br>\n 1809<\/b> <br>\n Zelter wird Professor f\u00fcr Musik an der Akademie der K\u00fcnste und gr\u00fcndet die\n Berliner Liedertafel. Die Idee des geselligen Singens, an einer Tafel bei\n Speise und Trank ist ein gro\u00dfer Erfolg und erfreut sich in Berlin gro\u00dfer\n Beliebtheit. Die Liedertafel wird Vorbild f\u00fcr viele Gesangsvereine in\n Deutschland und findet viele Nachahmer. Zelter leistet damit einen gro\u00dfen\n Beitrag zur Verb\u00fcrgerlichung des Musikwesens und bestimmt seit 1800 die\n \u00f6ffentliche Musikpflege in Deutschland.<br>\n <b><br>\n 1813<br>\n <\/b> Der Erfolg der Sing-Akademie und der Liedertafel wird nicht von jedem\n gut gehei\u00dfen. Rahel Levin kritisiert das Fehlen eines gro\u00dfen Komponisten in\n Berlin und die geregelte musikalische T\u00e4tigkeit der Organisation Zelters:\n <i>\"\u00dcberhaupt auf falschern Musikwegen ist keine Stadt in Deutschland, als\n Berlin; und, wie nat\u00fcrlich, in einem festen D\u00fcnkel dar\u00fcber befangen: weil es\n M\u00fche und l\u00e4rmende Anstrengung nicht spart. Weber, Zelter, Iffland, tragen\n gro\u00dfe Schuld; und des selgen Righini \u00dcberdru\u00df und Nachgiebigkeit aus\n Applaudissementsucht\"<\/i> <i>(Rahel Varnhagen: Gesammelte Werke, Bd. II, S.\n 251).<br>\n <\/i> Allerdings steht Rahel mit ihrem Urteil weitgehend alleine. Goethe und\n Schiller, E.T.A. Hoffmann, Schleiermacher und sogar Teile der k\u00f6niglichen\n Familie loben die Institution Zelters.<br>\n <b><br>\n 1816<\/b><br>\n Die Sing-Akademie erh\u00e4lt eine Verfassung. Ihre Autoren, darunter Zelter\n definieren im ersten Paragraphen: <i>\"Die Sing-Akademie ist ein Kunstverein\n f\u00fcr die heilige und ernste Musik, besonders f\u00fcr die Musik im gebundenen\n Styl, und ihr Zweck: practische \u00dcbung an den Werken derselben, zur Erbauung\n der Mitglieder, daher sie nur selten und nie anders als unter der Leitung\n ihres Directors \u00f6ffentlich auftritt\".<br>\n <\/i> Im zweiten Paragraphen heist es: <i>\"Nur derjenige ist f\u00e4hig Mitglied\n zu sein, welcher nicht nur den Grad der sittlichen und Kunst-Bildung besitz,\n der erfordert wird, um an jenem Zwecke mitwirkend Theil nehmen zu k\u00f6nnen,\n sondern der diese Theilnahme auch wirklich leistet\".<\/i><br>\n In ingesamt 14 Paragraphen wird die Ordnung der Sing Akademie aufgelistet,\n ihre Aufnahmeregeln definiert, die Beitragzahlung auf zwei Thaler f\u00fcr das\n Vierteljahr und zwei Thaler Eintrittsgeld f\u00fcr st\u00e4ndige Mitglieder\n festgelegt. <i>\"Au\u00dferordentliche, nur auf die kurze Dauer ihrer hiesigen\n Anwesenheit aufgenommene Mitglieder errichten sowohl das Eintrittsgeld als\n den laufenden Beitrag doppelt.\" (Grundri\u00df der Verfassung der Sing-Akademie\n zu Berlin, 1816).<\/i><br>\n Die \u00dcbungen finden zweimal pro Woche, am Montag und Dienstag jeweils\n zwischen f\u00fcnf und sieben Uhr statt. Ein Direktor und zwei Gehilfen leiten\n und organisieren die Abende und vertreten die Sing-Akademie in der\n \u00d6ffentlichkeit. <br>\n <b><br>\n 1822<\/b> <br>\n Zelter ist Gr\u00fcnder des k\u00f6niglichen Instituts f\u00fcr Kirchenmusik. Sp\u00e4ter wird\n er Musikdirektor am Seminarium an der Berliner Universit\u00e4t. Er initiiert\n ferner die Gr\u00fcndung der Musikabteilung an der k\u00f6nigl. Bibliothek.<br>\n <b><br>\n 1832<\/b> <br>\n Zelter stirbt am 15. Mai 73-j\u00e4hrig in Berlin. Die Sing-Akademie bleibt\n erfolgreich bestehen. Zelters Nachfolger Carl Friedrich Rungenhagen\n verweigert die Aufnahme neuerer Musik in das Repertoire der Gesellschaft:\n Liszt, Schumann, Brahms und Felix Draesecke werden selten, oder gar nicht\n gesungen. Das tut ihrer Popularit\u00e4t keinen Abruch. Im Todesjahr Zelters hat\n die Sing-Akademie \u00fcber 400 Mitglieder.<br><br>\n <br>\n Wohnhaft in Berlin: M\u00fcnzstr. 1<br><br>SH<br>\n ","genealogie":"","primaer":["<a href=\"https:\/\/berlinerklassik.bbaw.de\/bibliographie\/553\" class=\"link-hover text-primary\">Briefe [Karl] Friedrich Zelters an Goethe<\/a>","<a href=\"https:\/\/berlinerklassik.bbaw.de\/bibliographie\/556\" class=\"link-hover text-primary\">Goethes Briefwechsel mit Zelter<\/a>","<a href=\"https:\/\/berlinerklassik.bbaw.de\/bibliographie\/1677\" class=\"link-hover text-primary\">Selbstdarstellung<\/a>","<a href=\"https:\/\/berlinerklassik.bbaw.de\/bibliographie\/4304\" class=\"link-hover text-primary\">\"Bei aller br\u00fcderlichen Liebe ...\"<\/a>"],"sekundaer":["<a href=\"https:\/\/berlinerklassik.bbaw.de\/bibliographie\/562\" class=\"link-hover text-primary\">Carl Friedrich Zelter im Spiegel seines Briefwechsels mit Goethe<\/a>","<a href=\"https:\/\/berlinerklassik.bbaw.de\/bibliographie\/919\" class=\"link-hover text-primary\">Carl Friedrich Zelter und das Berliner Musikerleben seiner Zeit<\/a>","<a href=\"https:\/\/berlinerklassik.bbaw.de\/bibliographie\/927\" class=\"link-hover text-primary\">Karl Friedrich Zelter und der Nachla\u00df des Bach-Biographen Johann Nikolaus Forkel<\/a>","<a href=\"https:\/\/berlinerklassik.bbaw.de\/bibliographie\/988\" class=\"link-hover text-primary\">Bibliotheca Zelteriana<\/a>","<a href=\"https:\/\/berlinerklassik.bbaw.de\/bibliographie\/1675\" class=\"link-hover text-primary\">Carl Friedrich Zelter und seine Freundschaft mit Goethe<\/a>","<a href=\"https:\/\/berlinerklassik.bbaw.de\/bibliographie\/1676\" class=\"link-hover text-primary\">Goethe und Zelter<\/a>","<a href=\"https:\/\/berlinerklassik.bbaw.de\/bibliographie\/3943\" class=\"link-hover text-primary\">\"Bey meinem festen Glauben an alle Musen\"<\/a>","<a href=\"https:\/\/berlinerklassik.bbaw.de\/bibliographie\/9628\" class=\"link-hover text-primary\">Der Singemeister Carl Friedrich Zelter<\/a>","<a href=\"https:\/\/berlinerklassik.bbaw.de\/bibliographie\/9630\" class=\"link-hover text-primary\">Ich bin ein gebohrner Preussischer Unterthan<\/a>"],"berlinaufenthalte":[],"fach":["Musik"],"institution":["Singakademie"],"ort":[],"verein":["Gesetzlose Gesellschaft (Nr. 1)","Mittwochsgesellschaft (Fe\u00dflersche)","Berlinischer K\u00fcnstler-Verein","Christlich-deutsche Tischgesellschaft","Montagsclub","Zeltersche Liedertafel  ","Sing-Academie  "],"quellen_liste":null,"quellen_allgemein":""}}