
{"meta":{"meta-title":"Karl Joachim Friedrich Ludwig Arnim < Personen","meta-description":"Karl Joachim Friedrich Ludwig Arnim < Personen","canonical-url":"https:\/\/berlinerklassik.bbaw.de\/personen\/601","api-url":"https:\/\/berlinerklassik.bbaw.de\/api\/personen\/601","zitat":{"bereich":"Person","bearbeitet":"","titel":"Karl Joachim Friedrich Ludwig Arnim"},"count":{"lebensdaten":12,"namensformen":1,"genealogie":1,"biographie":1,"werke":2,"berlinaufenthalte":1,"register":2,"quellen":1},"translations":"personen","breadcrumb":[{"url":"https:\/\/berlinerklassik.bbaw.de\/personen","text":"Personen"},{"url":"https:\/\/berlinerklassik.bbaw.de\/personen\/601","text":"Karl Joachim Friedrich Ludwig Arnim"}]},"data":{"id":601,"zusatz_id":601,"meta":{"meta-title":"Karl Joachim Friedrich Ludwig Arnim < Personen","meta-description":"Karl Joachim Friedrich Ludwig Arnim < Personen","canonical-url":"https:\/\/berlinerklassik.bbaw.de\/personen\/601","api-url":"https:\/\/berlinerklassik.bbaw.de\/api\/personen\/601"},"title":"Karl Joachim Friedrich Ludwig Arnim","nachname":"Arnim","vorname":"Karl Joachim Friedrich Ludwig","lexikal-name":"Arnim, Achim","titel":"","adelstitel":"","adelspraedikat":"von","geburtsdatum":"26.01.1781","geburtsort":"Berlin","geburtsland":null,"staatsangehoerigkeit":"","geschlecht":"m\u00e4nnlich","konfession":"","sterbedatum":"21.01.1831","sterbeort":"Wiepersdorf (Mark)","sterbeland":null,"berufe":{"0":"Schriftsteller","2":"Gutsbesitzer"},"vereine":[" <a href=\"https:\/\/berlinerklassik.bbaw.de\/geselligkeit\/25\" class=\"link-hover text-primary\">Christlich-deutsche Tischgesellschaft (gegr\u00fcndet: 18.01.1811 aufgel\u00f6st: 1834)<\/a>"," <a href=\"https:\/\/berlinerklassik.bbaw.de\/geselligkeit\/56\" class=\"link-hover text-primary\">Club im Haus des Buchh\u00e4ndlers Georg Andreas Reimer (gegr\u00fcndet: 1805 aufgel\u00f6st: 1815)<\/a>"," <a href=\"https:\/\/berlinerklassik.bbaw.de\/geselligkeit\/23\" class=\"link-hover text-primary\">Gesetzlose Gesellschaft (Nr. 2) (gegr\u00fcndet: 04.11.1809)<\/a>"],"bekanntschaften":{"0":"<a href=\"https:\/\/berlinerklassik.bbaw.de\/personen\/602\" class=\"link-hover text-primary\">Clemens Wenzeslaus Maria Brentano (Dichter)<\/a>","8":"<a href=\"https:\/\/berlinerklassik.bbaw.de\/personen\/532\" class=\"link-hover text-primary\">Philipp Karl Buttmann (Altphilologe, Bibliothekar)<\/a>","12":"<a href=\"https:\/\/berlinerklassik.bbaw.de\/personen\/886\" class=\"link-hover text-primary\">Friedrich Wilhelm Gubitz (Holzschneider, Schriftsteller, Verleger)<\/a>","13":"<a href=\"https:\/\/berlinerklassik.bbaw.de\/personen\/938\" class=\"link-hover text-primary\">Wilhelm Hensel (Graphiker, Maler)<\/a>","10":"<a href=\"https:\/\/berlinerklassik.bbaw.de\/personen\/596\" class=\"link-hover text-primary\">Caroline Humboldt (Dichterin, Saloni\u00e8re)<\/a>","1":"<a href=\"https:\/\/berlinerklassik.bbaw.de\/personen\/603\" class=\"link-hover text-primary\">Bernhard Wilhelm Heinrich Kleist (Dichter, Schriftsteller)<\/a>","5":"<a href=\"https:\/\/berlinerklassik.bbaw.de\/personen\/767\" class=\"link-hover text-primary\">Adam Heinrich M\u00fcller (Publizist, Staatstheoretiker, Diplomat)<\/a>","14":"<a href=\"https:\/\/berlinerklassik.bbaw.de\/personen\/4184\" class=\"link-hover text-primary\">Karl Philipp Heinrich Pistor (Beamter, Geh. Postrat)<\/a>","15":"<a href=\"https:\/\/berlinerklassik.bbaw.de\/personen\/4190\" class=\"link-hover text-primary\">Johann Friedrich Reichardt (Komponist, Musikschriftsteller)<\/a>","4":"<a href=\"https:\/\/berlinerklassik.bbaw.de\/personen\/642\" class=\"link-hover text-primary\">Georg Andreas Reimer (Buchh\u00e4ndler, Verleger)<\/a>","16":"<a href=\"https:\/\/berlinerklassik.bbaw.de\/personen\/4191\" class=\"link-hover text-primary\">Wilhelm Karl Ferdinand Roeder (Milit\u00e4r)<\/a>","7":"<a href=\"https:\/\/berlinerklassik.bbaw.de\/personen\/514\" class=\"link-hover text-primary\">Friedrich Karl Savigny (Jurist)<\/a>","3":"<a href=\"https:\/\/berlinerklassik.bbaw.de\/personen\/641\" class=\"link-hover text-primary\">Karl Friedrich Schinkel (Architekt)<\/a>","6":"<a href=\"https:\/\/berlinerklassik.bbaw.de\/personen\/917\" class=\"link-hover text-primary\">Georg Abraham Schneider (Komponist, Kapellmeister, Musiker)<\/a>","11":"<a href=\"https:\/\/berlinerklassik.bbaw.de\/personen\/742\" class=\"link-hover text-primary\">Christian Wilhelm Sch\u00fctz (Schriftsteller)<\/a>","2":"<a href=\"https:\/\/berlinerklassik.bbaw.de\/personen\/634\" class=\"link-hover text-primary\">Friedrich August Staegemann (Jurist, Dichter)<\/a>","17":"<a href=\"https:\/\/berlinerklassik.bbaw.de\/personen\/4201\" class=\"link-hover text-primary\">Carl Otto Friedrich Vo\u00df (Staatsmann, Jurist)<\/a>","9":"<a href=\"https:\/\/berlinerklassik.bbaw.de\/personen\/594\" class=\"link-hover text-primary\">Christian Samuel Weiss (Physiker, Mineraloge)<\/a>"},"dynastie":null,"geburtsname":null,"gebadelspraedikat":"","gebtitel":"","geschieden":null,"verwitwet":null,"pseudonym":null,"namensvarianten":"eigentlicher Vorname: Karl Joachim Friedrich Ludwig","namensaenderung":null,"lebenslauf":"\n <b>1781<\/b> <br \/>\n Am 26. Juni wird Achim v. Arnim in Berlin geboren. Die Mutter stirbt kurz\n nach der Geburt. Arnim w\u00e4chst bei seiner Gro\u00dfmutter Caroline von Labes, der\n Witwe des Geheimk\u00e4mmerers Friedrichs II. in Berlin am Karree (Pariser Platz)\n auf. <br \/>\n <b><br \/>\n 1793 bis 1798<\/b> <br \/>\n Besuch des Joachimsthalschen Gymnasiums. <br \/>\n <br \/>\n <b>1798 bis 1800<\/b> <br \/>\n Studium Jura, Mathematik und Physik in Halle. Bekanntschaft mit Friedrich\n Reichardt und Ludwig Tieck, die ihn mit neuen Ideen zur Kunst und Literatur\n vertraut machen. <br \/>\n <b><br \/>\n 1799<\/b> <br \/>\n Publikation der naturwissenschaftlichen Schrift \"Versuch einer Theorie der\n elektrischen Erscheinungen\". Erwerb des Doktorgrades.&nbsp; <br \/>\n <br \/>\n <b>1799 bis 1806<\/b> <br \/>\n Mitarbeiter in den \"Annalen der Physik\" seines Lehrers L. W. Gilbert.\n <br \/>\n <br \/>\n <b>1800 bis 1801<\/b> <br \/>\n Studium in G\u00f6ttingen. <br \/>\n <br \/>\n <b>Sommer 1801<\/b> <br \/>\n Freundschaft mit Clemens Brentano. <br \/>\n <br \/>\n <b>1802<br \/>\n <\/b> Zusammen mit Brentano unternimmt Arnim im Juli eine \"Romantische\n Rheinreise\" von Frankfurt a. M. nach Koblenz. Er studiert die Schriften\n Goethes und Herders und wird durch sie auf die Urspr\u00fcnglichkeit und\n Nat\u00fcrlichkeit der Volkspoesie hingewiesen. Auf ausgedehnten Reisen, die ihn\n durch Deutschland, die Schweiz, Oberitalien, Frankreich (Bekanntschaft mit\n den Schlegels), Holland und England f\u00fchren, tr\u00e4gt er eine umfangreiche\n Sammlung von Volksliedern zusammen. Anschlie\u00dfend h\u00e4lt er sich eine l\u00e4ngere\n Zeit bei Clemens Brentano in Heidelberg auf.&nbsp; <br \/>\n <br \/>\n <b>1804<br \/>\n <\/b> Tod des Vaters. Arnim wird Herr von Wiepersdorf in B\u00e4rwalde bei\n J\u00fcterbog und von mehreren G\u00fctern in der Uckermark. Hauptwohnsitz bleibt\n Berlin. <br \/>\n <br \/>\n <b>Sommer 1805<\/b> <br \/>\n Gemeinsam mit Clemens Brentano Arbeit an der Volksliedsammlung \"Des Knaben\n Wunderhorn. Alte deutsche Lieder\" in Heidelberg, der bis dahin umfassensten\n Sammlung deutschen Liedgutes, die zu einem wesentlichen Ausgangspunkt f\u00fcr\n die romantische Dichtung wird. <br \/>\n <br \/>\n <b>1806<br \/>\n <\/b> Reisen nach Halle, G\u00f6ttingen, K\u00f6nigsberg (mit K\u00f6nigspaar), dann \u00fcber\n Weimar (Goethe), Kassel (Grimms) nach Heidelberg (Brentano).<br \/>\n <br \/>\n <b>1806-1808<\/b> <br \/>\n \"Des Knaben Wunderhorn\" erscheint in Heidelberg. Ebendort gibt Arnim\n gemeinsam mit Clemens Brentano die \"Zeitung f\u00fcr Einsiedler\" heraus. <br \/>\n <br \/>\n <b>1809<br \/>\n <\/b> Arnim lebt zusammen mit Clemens Brentano in Berlin. Erscheinen seines\n Novellenzyklus \"Der Wintergarten\". <br \/>\n <br \/>\n <b>1810<br \/>\n <\/b> Der Roman \"Armuth, Reichthum, Schuld und Bu\u00dfe der Gr\u00e4fin Dolores\"\n erscheint. Im Dezember verfasst Arnim einen Aufruf zu Gr\u00fcndung einer\n \"Christlich-teutschen Tischgesellschaft\", die bis zum Februar 1813 besteht\n und zu der einflu\u00dfreiche Pers\u00f6nlichkeiten des \u00f6ffentlichen Lebens geh\u00f6ren.\n Mitarbeit an Kleists Abendbl\u00e4ttern und anderen Zeitschriften. <br \/>\n <br \/>\n <b>1811<br \/>\n <\/b> Am 11. M\u00e4rz Hochzeit mit Brentanos Schwester Bettina. Seit dieser Zeit\n lebt Arnim abwechselnd in Berlin und auf dem Gut Wiepersdorf. Es entsteht\n das Schauspiel \"Halle und Jerusalem\". <br \/>\n <br \/>\n <b>1811<br \/>\n <\/b> Als Hauptmann \u00fcbernimmt Arnim die Leitung eines Berliner\n Landsturmbatallions. <br \/>\n <br \/>\n <b>1813\/14<br \/>\n <\/b> Redakteur des \"Preu\u00dfischen Correspondenten\". Arnim \u00fcbernimmt die\n Redaktion der antifranz\u00f6sischen Widerstandsschrift von Schleiermacher und\n Niebuhr, die das Blatt auch gegr\u00fcndet haben, ohne gro\u00dfen Erfolg. Im Fr\u00fchjahr\n 1814 wird der Druck eingestellt.<br \/>\n <br \/>\n <b>1817<br \/>\n <\/b> Der erste Band des Fragment gebliebenen Romans \"Die Kronw\u00e4chter\"\n erscheint. Weitere Werke: einige kleinere Novellen, wie \"Isabella von\n \u00c4gypten\", \"Kaiser Karls V. erste Jugendliebe\" und einer Sammlung von\n Erz\u00e4hlungen mit dem Titel \"Landhausleben\". <br \/>\n <br \/>\n <b>1831<br \/>\n <\/b> In seinem 50. Lebensjahr erliegt Arnim am 21. Januar einem pl\u00f6tzlichem\n Schlaganfall. Er wird auf seinem Gut Wiepersdorf beigesetzt.<br \/>\n <br \/>\n August Varhagen von Ense verfasste kurz nach Arnims Tod einen Nachruf auf\n den Dichter und Freund, der zu Beginn des Jahrhunderts mit seinen Sammlungen\n und Dichtk\u00fcnsten das Publikum begeisterte, mit sp\u00e4teren Werken aber nicht\n mehr an fr\u00fchere Erfolge ankn\u00fcpfen konnte: <i>\"Arnim hatte die sch\u00f6nsten und\n gehaltreichen Gaben, die er im Sturm und in der Stille der Zeiten\n gleicherweise gepflegt, den erwartungsvollen Landsleuten darzubieten; allein\n die Befremdung, um nicht zu sagen die Entgegensetzung, zwischen Autor und\n Publikum hatte sich auf keiner Seite gehoben und wollte sich auch jetzt\n nicht ausgleichen; die belebende Wechselwirkung zwischen beiden trat wohl\n mit ungemeiner St\u00e4rke, doch nur in vereinzelten Kreisen ein, der\n entsprechende allgemeine Erfolg unterblieb, und eine neue Stockung war nicht\n zu vermeiden. Doch werden die Kronenw\u00e4chter, die Gleichen und so manche\n andere erz\u00e4hlende und dramatische Dichtung Arnims immer bedeutende Denkmale\n einer gro\u00dfartigen Phantasie und au\u00dferordentlichen Dichtkraft bleiben, deren\n volle Anerkennung vielleicht nicht mehr fern ist und gewi\u00df nur um so\n gl\u00e4nzender zu erwarten steht, als sie den Sp\u00e4terlebenden sich neben dem\n Unwerthe so vieles Gleichzeitigen nur immer deutlicher hervorheben mu\u00df.\n Immer jedoch wird es tief zu beklagen sein, da\u00df ein so gro\u00dfes dramatisches\n Talent seine volle Entfaltung und Wirksamkeit, aus Mangel einer\n eingreifenden und begeisternden Schaub\u00fchne, unserem gerade in diesem\n Fache<\/i> <i>so \u00fcbelberathenen Zeitalter nicht beweisen durfte!<br \/>\n Ihn selbst vermochten in seiner einfachen Haltung, in seinem Gleichmuthe,\n der niemals einem Scheine nachhing, sondern unter allen Bedingungen nur dem\n inneren Genius folgte, keine \u00e4u\u00dferlichen Mi\u00dfst\u00e4nde noch St\u00f6rungen zu beugen.\n In den Wissenschaften, in der Dichtkunst, in den Gesch\u00e4ften des b\u00fcrgerlichen\n Lebens, wie in den Vergn\u00fcgungen der Geselligkeit, \u00fcberall nur dem Sch\u00f6nen\n und Geistigen, der Redlichkeit und Bildung zugewandt, war er eine stets\n erfreuliche Erscheinung, deren N\u00e4he Geh\u00e4ssiges verscheuchte und Geringes\n niederhielt, und das Element, in welchem er lebte, auch f\u00fcr andere darbot.\n (...).<br \/>\n Durch Verwandschaft, Freundschaft und jedes andere Band eines reichen\n Lebens den ersten und bedeutendsten M\u00e4nnern der Nation verkn\u00fcpft, z\u00e4hlt sein\n Name in allen Gegenden von Deutschland verehrende Freunde und Angeh\u00f6rige,\n die sich vereinigen werden, um sein ehrenvolles Andenken mit treuer Neigung\n auch als ein Allgemeines zu bewahren\". (Varnhagen v. Ense 1837, S. 315\n ff.).<br \/>\n <br \/>\n <\/i> <b>Verwendete Literatur:<\/b><br \/>\n Varnhagen von Ense, Karl August: <i>Denkw\u00fcrdigkeiten und vermischte\n Schriften. Band 1.<\/i> Mannheim: Hoff 1837<br \/>\n <i><br \/>\n <br \/>\n <\/i> SH<br \/>\n <i><br \/>\n <br \/>\n <\/i> <br \/>\n <br \/>\n <br \/>\n <br \/>\n <br \/>\n <br \/>\n <br \/>\n <br \/>\n <br \/>\n <br \/>\n <br \/>\n <br \/>\n <br \/>\n ","genealogie":"Vater: Joachim Erdmann v. A. (1741-1804), Gesandter in Kopenhagen und Dresden, Directeur des\n          spectacles unter Friedrich II.\nMutter: Amalie Caroline v. Labes (1761-81)\nBruder: Karl Otto Ludwig (1779-1861), Schriftsteller","primaer":["<a href=\"https:\/\/berlinerklassik.bbaw.de\/bibliographie\/247\" class=\"link-hover text-primary\">Versuch einer Theorie der elektrischen Erscheinungen<\/a>","<a href=\"https:\/\/berlinerklassik.bbaw.de\/bibliographie\/248\" class=\"link-hover text-primary\">Hollin's Liebeleben<\/a>","<a href=\"https:\/\/berlinerklassik.bbaw.de\/bibliographie\/249\" class=\"link-hover text-primary\">Ariel's Offenbarungen<\/a>","<a href=\"https:\/\/berlinerklassik.bbaw.de\/bibliographie\/250\" class=\"link-hover text-primary\">Des Knaben Wunderhorn<\/a>","<a href=\"https:\/\/berlinerklassik.bbaw.de\/bibliographie\/251\" class=\"link-hover text-primary\">Tr\u00f6st-Einsamkeit<\/a>","<a href=\"https:\/\/berlinerklassik.bbaw.de\/bibliographie\/252\" class=\"link-hover text-primary\">F\u00fcnfter Winterabend<\/a>","<a href=\"https:\/\/berlinerklassik.bbaw.de\/bibliographie\/253\" class=\"link-hover text-primary\">Armuth, Reichthum, Schuld und Bu\u00dfe der Gr\u00e4fin Dolores<\/a>","<a href=\"https:\/\/berlinerklassik.bbaw.de\/bibliographie\/254\" class=\"link-hover text-primary\">Halle und Jerusalem<\/a>","<a href=\"https:\/\/berlinerklassik.bbaw.de\/bibliographie\/255\" class=\"link-hover text-primary\">Isabella von Aegypten<\/a>","<a href=\"https:\/\/berlinerklassik.bbaw.de\/bibliographie\/257\" class=\"link-hover text-primary\">Der Auerhahn<\/a>","<a href=\"https:\/\/berlinerklassik.bbaw.de\/bibliographie\/258\" class=\"link-hover text-primary\">Die Appelm\u00e4nner<\/a>","<a href=\"https:\/\/berlinerklassik.bbaw.de\/bibliographie\/259\" class=\"link-hover text-primary\">Frau von Saverne<\/a>","<a href=\"https:\/\/berlinerklassik.bbaw.de\/bibliographie\/260\" class=\"link-hover text-primary\">Die Kronenw\u00e4chter<\/a>","<a href=\"https:\/\/berlinerklassik.bbaw.de\/bibliographie\/262\" class=\"link-hover text-primary\">Der tolle Invalide aus dem Fort Ratonneau<\/a>","<a href=\"https:\/\/berlinerklassik.bbaw.de\/bibliographie\/263\" class=\"link-hover text-primary\">Angelika, die Genueserin, und Cosmus, der Seilspringer<\/a>","<a href=\"https:\/\/berlinerklassik.bbaw.de\/bibliographie\/264\" class=\"link-hover text-primary\">Die Gleichen<\/a>","<a href=\"https:\/\/berlinerklassik.bbaw.de\/bibliographie\/265\" class=\"link-hover text-primary\">Die Majoratsherren<\/a>","<a href=\"https:\/\/berlinerklassik.bbaw.de\/bibliographie\/266\" class=\"link-hover text-primary\">Owen Tudor<\/a>","<a href=\"https:\/\/berlinerklassik.bbaw.de\/bibliographie\/267\" class=\"link-hover text-primary\">Holl\u00e4ndische Liebhabereien<\/a>","<a href=\"https:\/\/berlinerklassik.bbaw.de\/bibliographie\/327\" class=\"link-hover text-primary\">Briefe der Weltliteratur<\/a>","<a href=\"https:\/\/berlinerklassik.bbaw.de\/bibliographie\/332\" class=\"link-hover text-primary\">Achim von Arnim und Clemens Brentano<\/a>","<a href=\"https:\/\/berlinerklassik.bbaw.de\/bibliographie\/336\" class=\"link-hover text-primary\">Unbekannte Briefe von und an Achim von Arnim aus der Sammlung Varnhagen und anderen Best\u00e4nden<\/a>","<a href=\"https:\/\/berlinerklassik.bbaw.de\/bibliographie\/339\" class=\"link-hover text-primary\">Arnims Briefe an Savigny 1803 - 1831<\/a>","<a href=\"https:\/\/berlinerklassik.bbaw.de\/bibliographie\/340\" class=\"link-hover text-primary\">Unver\u00f6ffentlichte Briefe Achim von Arnims nebst anderen Lebenszeugnissen<\/a>","<a href=\"https:\/\/berlinerklassik.bbaw.de\/bibliographie\/341\" class=\"link-hover text-primary\">Unver\u00f6ffentlichte Briefe Achim von Arnims nebst anderen Lebenszeugnissen<\/a>","<a href=\"https:\/\/berlinerklassik.bbaw.de\/bibliographie\/342\" class=\"link-hover text-primary\">Exzerpte Achim von Arnims zu unver\u00f6ffentlichten Briefen<\/a>","<a href=\"https:\/\/berlinerklassik.bbaw.de\/bibliographie\/345\" class=\"link-hover text-primary\">Achim und Bettina in ihren Briefen<\/a>","<a href=\"https:\/\/berlinerklassik.bbaw.de\/bibliographie\/2737\" class=\"link-hover text-primary\">Des Knaben Wunderhorn<\/a>","<a href=\"https:\/\/berlinerklassik.bbaw.de\/bibliographie\/4359\" class=\"link-hover text-primary\">Schaub\u00fchne<\/a>"],"sekundaer":["<a href=\"https:\/\/berlinerklassik.bbaw.de\/bibliographie\/334\" class=\"link-hover text-primary\">Neue Tendenzen der Arnimforschung<\/a>","<a href=\"https:\/\/berlinerklassik.bbaw.de\/bibliographie\/337\" class=\"link-hover text-primary\">Beitr\u00e4ge zur Erschliessung deutscher romantischer Dichtung<\/a>","<a href=\"https:\/\/berlinerklassik.bbaw.de\/bibliographie\/338\" class=\"link-hover text-primary\">Zwischen Tilsit und Tauroggen<\/a>","<a href=\"https:\/\/berlinerklassik.bbaw.de\/bibliographie\/343\" class=\"link-hover text-primary\">Achim von Arnim - nicht nur Poet<\/a>","<a href=\"https:\/\/berlinerklassik.bbaw.de\/bibliographie\/344\" class=\"link-hover text-primary\">Unbekannte Briefe Johann Wilhelm Ritters an Arnim, Savingny, Frommann, Schelling u.a. aus den Jahren 1800-1803<\/a>","<a href=\"https:\/\/berlinerklassik.bbaw.de\/bibliographie\/357\" class=\"link-hover text-primary\">Aus dem Nachlass Varnhagen's von Ense<\/a>","<a href=\"https:\/\/berlinerklassik.bbaw.de\/bibliographie\/385\" class=\"link-hover text-primary\">Achim von Arnim und die ihm nahe standen<\/a>","<a href=\"https:\/\/berlinerklassik.bbaw.de\/bibliographie\/592\" class=\"link-hover text-primary\">Johann Georg Zimmer und die Romantiker<\/a>","<a href=\"https:\/\/berlinerklassik.bbaw.de\/bibliographie\/2754\" class=\"link-hover text-primary\">Kommunikationsmedium Freundschaft<\/a>","<a href=\"https:\/\/berlinerklassik.bbaw.de\/bibliographie\/3163\" class=\"link-hover text-primary\">Romantik und Krieg<\/a>","<a href=\"https:\/\/berlinerklassik.bbaw.de\/bibliographie\/3642\" class=\"link-hover text-primary\">Die Eltern des Dichters Achim von Arnim<\/a>","<a href=\"https:\/\/berlinerklassik.bbaw.de\/bibliographie\/4223\" class=\"link-hover text-primary\">Achim von Arnim 1781 - 1831<\/a>","<a href=\"https:\/\/berlinerklassik.bbaw.de\/bibliographie\/4358\" class=\"link-hover text-primary\">Der Nachla\u00df des Dichterpaars Achim und Bettina von Arnim<\/a>","<a href=\"https:\/\/berlinerklassik.bbaw.de\/bibliographie\/4459\" class=\"link-hover text-primary\">Zur Geschichte des Nachlasses von Achim und Bettina von Arnim<\/a>","<a href=\"https:\/\/berlinerklassik.bbaw.de\/bibliographie\/5126\" class=\"link-hover text-primary\">Empfindungen vor Friedrichs Seelandschaft<\/a>","<a href=\"https:\/\/berlinerklassik.bbaw.de\/bibliographie\/8690\" class=\"link-hover text-primary\">Unterhaltung im dienst politischer Ideen<\/a>"],"berlinaufenthalte":[{"zeitraum":"von 1781 bis 1798","gebaeude":null,"damals_adresse":"Am Karree","heute_adresse":"Pariser Platz","kommentar":"\n"},{"zeitraum":"von 1804 bis 1811","gebaeude":null,"damals_adresse":"Mauerstra\u00dfe 34","heute_adresse":"","kommentar":"\n"},{"zeitraum":"1818","gebaeude":null,"damals_adresse":"Georgenstra\u00dfe 17","heute_adresse":"","kommentar":"Adressbuch 1818\/1819\n"}],"fach":["Deutsche Sprache und Literatur"],"institution":[],"ort":[],"verein":["Gesetzlose Gesellschaft (Nr. 2) ab 1809\/10","Christlich-deutsche Tischgesellschaft","Club im Haus des Buchh\u00e4ndlers Georg Andreas Reimer 1805  - 1815 "],"quellen_liste":null,"quellen_allgemein":"Arnim, Peter-Anton von: Der Nachla\u00df des Dichterpaars Achim und Bettina von Arnim, in: Kulturberichte des Arbeitskreises selbst\u00e4ndiger Kulturinstitute 2\/1999 (im Internet unter: http:\/\/www.maecenas.de\/kb299arnim.htm)."}}