
{"meta":{"meta-title":"Johann Wolfgang Goethe < Personen","meta-description":"Johann Wolfgang Goethe < Personen","canonical-url":"https:\/\/berlinerklassik.bbaw.de\/personen\/643","api-url":"https:\/\/berlinerklassik.bbaw.de\/api\/personen\/643","zitat":{"bereich":"Person","bearbeitet":"","titel":"Johann Wolfgang Goethe"},"count":{"lebensdaten":12,"namensformen":0,"genealogie":0,"biographie":1,"werke":2,"berlinaufenthalte":0,"register":1,"quellen":0},"translations":"personen","breadcrumb":[{"url":"https:\/\/berlinerklassik.bbaw.de\/personen","text":"Personen"},{"url":"https:\/\/berlinerklassik.bbaw.de\/personen\/643","text":"Johann Wolfgang Goethe"}]},"data":{"id":643,"zusatz_id":643,"meta":{"meta-title":"Johann Wolfgang Goethe < Personen","meta-description":"Johann Wolfgang Goethe < Personen","canonical-url":"https:\/\/berlinerklassik.bbaw.de\/personen\/643","api-url":"https:\/\/berlinerklassik.bbaw.de\/api\/personen\/643"},"title":"Johann Wolfgang Goethe","nachname":"Goethe","vorname":"Johann Wolfgang","lexikal-name":null,"titel":"Geheimer Rat","adelstitel":"","adelspraedikat":"von","geburtsdatum":"28.08.1749","geburtsort":"Frankfurt a.M.","geburtsland":null,"staatsangehoerigkeit":"","geschlecht":"m\u00e4nnlich","konfession":"","sterbedatum":"22.03.1832","sterbeort":"Weimar","sterbeland":null,"berufe":["Dichter","Politiker"],"vereine":[" <a href=\"https:\/\/berlinerklassik.bbaw.de\/geselligkeit\/45\" class=\"link-hover text-primary\">Akademie der K\u00fcnste<\/a>"],"bekanntschaften":{"9":"<a href=\"https:\/\/berlinerklassik.bbaw.de\/personen\/484\" class=\"link-hover text-primary\">Bettina Elisabeth Katharina Ludovica Magdalena Arnim (Schriftstellerin)<\/a>","26":"<a href=\"https:\/\/berlinerklassik.bbaw.de\/personen\/6237\" class=\"link-hover text-primary\">Christian Albrecht G\u00fcnther Brockenburg (Montanist)<\/a>","0":"<a href=\"https:\/\/berlinerklassik.bbaw.de\/personen\/646\" class=\"link-hover text-primary\">Karl Friedrich Moritz Paul Br\u00fchl (Theater- und Museumsintendant)<\/a>","18":"<a href=\"https:\/\/berlinerklassik.bbaw.de\/personen\/612\" class=\"link-hover text-primary\">Johann Friedrich Bury (Maler)<\/a>","27":"<a href=\"https:\/\/berlinerklassik.bbaw.de\/personen\/6341\" class=\"link-hover text-primary\">Johann Christian Gottlieb Dietrich (Botaniker)<\/a>","6":"<a href=\"https:\/\/berlinerklassik.bbaw.de\/personen\/763\" class=\"link-hover text-primary\">Johann Jakob Engel (Philosoph, Schriftsteller)<\/a>","7":"<a href=\"https:\/\/berlinerklassik.bbaw.de\/personen\/881\" class=\"link-hover text-primary\">Charles Gore (Landschaftsaquarellist, Maler)<\/a>","24":"<a href=\"https:\/\/berlinerklassik.bbaw.de\/personen\/5485\" class=\"link-hover text-primary\">Wilhelm Henschel (Kupferstecher, Zeichner, Lithograph)<\/a>","1":"<a href=\"https:\/\/berlinerklassik.bbaw.de\/personen\/661\" class=\"link-hover text-primary\">Friedrich Heinrich Himmel (Komponist)<\/a>","8":"<a href=\"https:\/\/berlinerklassik.bbaw.de\/personen\/477\" class=\"link-hover text-primary\">Friedrich Heinrich Alexander Freiherr von Humboldt (Naturwissenschaftler)<\/a>","11":"<a href=\"https:\/\/berlinerklassik.bbaw.de\/personen\/548\" class=\"link-hover text-primary\">Wilhelm Humboldt (Politiker, Philologe, Sprachphilosoph)<\/a>","17":"<a href=\"https:\/\/berlinerklassik.bbaw.de\/personen\/596\" class=\"link-hover text-primary\">Caroline Humboldt (Dichterin, Saloni\u00e8re)<\/a>","12":"<a href=\"https:\/\/berlinerklassik.bbaw.de\/personen\/550\" class=\"link-hover text-primary\">August Wilhelm Iffland (Theaterdirektor, Schauspieler, Schriftsteller)<\/a>","3":"<a href=\"https:\/\/berlinerklassik.bbaw.de\/personen\/727\" class=\"link-hover text-primary\">Friedrich Heinrich Jacobi (Kaufmann, Beamter, Schriftsteller, Philosoph)<\/a>","13":"<a href=\"https:\/\/berlinerklassik.bbaw.de\/personen\/553\" class=\"link-hover text-primary\">August Friedrich Ferdinand Kotzebue (Schriftsteller)<\/a>","4":"<a href=\"https:\/\/berlinerklassik.bbaw.de\/personen\/737\" class=\"link-hover text-primary\">Karl La Roche (Regisseur, Schauspieler)<\/a>","2":"<a href=\"https:\/\/berlinerklassik.bbaw.de\/personen\/664\" class=\"link-hover text-primary\">Fran\u00e7ois Th\u00e9odore Lagarde (Verleger)<\/a>","10":"<a href=\"https:\/\/berlinerklassik.bbaw.de\/personen\/526\" class=\"link-hover text-primary\">Luise Auguste Wilhelmine Amalie Mecklenburg-Strelitz ()<\/a>","19":"<a href=\"https:\/\/berlinerklassik.bbaw.de\/personen\/618\" class=\"link-hover text-primary\">Charlotte Elisabeth Konstantina Recke (Schriftstellerin, Dichterin)<\/a>","23":"<a href=\"https:\/\/berlinerklassik.bbaw.de\/personen\/4190\" class=\"link-hover text-primary\">Johann Friedrich Reichardt (Komponist, Musikschriftsteller)<\/a>","22":"<a href=\"https:\/\/berlinerklassik.bbaw.de\/personen\/642\" class=\"link-hover text-primary\">Georg Andreas Reimer (Buchh\u00e4ndler, Verleger)<\/a>","20":"<a href=\"https:\/\/berlinerklassik.bbaw.de\/personen\/620\" class=\"link-hover text-primary\">Sophie Sander (Saloni\u00e8re)<\/a>","21":"<a href=\"https:\/\/berlinerklassik.bbaw.de\/personen\/627\" class=\"link-hover text-primary\">Johann Gottfried Schadow (Bildhauer)<\/a>","5":"<a href=\"https:\/\/berlinerklassik.bbaw.de\/personen\/742\" class=\"link-hover text-primary\">Christian Wilhelm Sch\u00fctz (Schriftsteller)<\/a>","25":"<a href=\"https:\/\/berlinerklassik.bbaw.de\/personen\/6152\" class=\"link-hover text-primary\">Johann Valentin Teichmann (Generalintendant)<\/a>","14":"<a href=\"https:\/\/berlinerklassik.bbaw.de\/personen\/577\" class=\"link-hover text-primary\">Johann Daniel Wilhelm Otto Uhden (Jurist, Altertumsforscher)<\/a>","16":"<a href=\"https:\/\/berlinerklassik.bbaw.de\/personen\/593\" class=\"link-hover text-primary\">Friedrich Ludwig Zacharias Werner (Schriftsteller)<\/a>","15":"<a href=\"https:\/\/berlinerklassik.bbaw.de\/personen\/588\" class=\"link-hover text-primary\">Carl Friedrich Zelter (Komponist)<\/a>"},"dynastie":null,"geburtsname":null,"gebadelspraedikat":"","gebtitel":"","geschieden":null,"verwitwet":null,"pseudonym":null,"namensvarianten":null,"namensaenderung":null,"lebenslauf":"<b>1789<br><\/b>Am 11. Februar wird Goethe Ehrenmitglied der Berliner Akademie der K\u00fcnste (B\u00f6rsch-Supan, Kataloge, 2. Bd. 1832:V).<br><br><b>1806<br><\/b>Im September entsteht die Zeichnung \"Der Bergeinsturz des Ro\u00dfberges bei Schwyz (2. Sept. 1806)\". Auf der R\u00fcckseite eine durch Abschnitt fragmentarische Notiz m\u00f6glicherweise von Knebel: \"Als G\u00f6the von dem ber\u00fchmten Einsturz des Rosseberges in der N\u00e4he des Rigi erz\u00e4hlte, entwarf er diese Zeichnung w\u00e4hrend der Erzah [...] zum besseren Verst\u00e4ndnis\" (Friedl\u00e4nder, 1921, Bd. 1. S. 174).<br><b><br>1809<br><\/b>\"Der Hausberg bei Ziegenhain\", \"Die Kernberge\", \"Die Kernberge von der entgegengesetzten Seite\", \"Aussicht auf die Umgebung von Jena\" (mit der Notiz Goethes: \"Panorama aus dem Fenster des Gro\u00dfherzoglichen Hauses, welches Herr Geheime Hofrath D\u00f6bereiner jetzt bewohnt\"), <br>am 24. Juli die Zeichnung \"Ge\u00f6ffnetes Hoftor mit Torhaus, dahinter ein Schlagbaum. Ausblick auf die bergige Gegend\"<br>\"Das M\u00fchltal bei Jena\"<br>am 4. Oktober die Zeichnung \"Das Rasenm\u00fchlwehr bei Jena\" auf der R\u00fcckseite Goethes Notiz \"Zum Andenken des vierten Ocobers 1809\", Goethe hatte an diesem Tag einen langen Spaziergang mit Knebel am Saale-Ufer unternommen<br><br><b>1810<br><\/b>Im Mai entsteht die Zeichnung \"Landschaft bei Karlsbad\" (Friedl\u00e4nder, 1921, Bd. 1. S. 175).<br><br><b>1832<br><\/b>Der Ausstellungskatalog der Berliner Akademie der K\u00fcnste beklagt den Verlust Johann Wolfgang von Goethes am 22. M\u00e4rz (B\u00f6rsch-Supan, Kataloge, 2.Bd. 1832:V).<br><br>Weitere Zeichnungen Goethes im Kupferstichkabinett SMPK Berlin, siehe auch Friedl\u00e4nder, 1921, Bd. 1. S. 174f. darunter neben zahlreichen weiteren jedoch nicht datierten Landschaftsstudien, mehrere Studien nach antiken Portraitb\u00fcsten sowie \"Szene aus einem unbekannten Theaterst\u00fcck. Vor einem felsigen Hintergrund, der sich in der Mitte zu einer Grotte \u00f6ffnet, ein langer Zug von M\u00e4nnern und Frauen, alle nach links gewendet, in lange Gew\u00e4nder gekleidet, einige knien, einige haben sich niedergeworfen. Rechts an der Spitze des Zuges sitzt eine Gestalt mit einem Kreuz in der Hand\" (die Zeichnung ohne Signatur, m\u00f6glicherweise stammt sie von Major von Imhoff) und \"Entwurf zu einem Redoutenfest. In einem Schlitten, dessen Kufen in einen Hirschkopf auslaufen, sitzt nach links der Winter als wei\u00dfb\u00e4rtiger Greis in einen pelzverbr\u00e4mten blauen Mantel eingeh\u00fcllt. Am Schlitten stehen zwei Figuren, die links im langen pelzverbr\u00e4mten rosa Mantel, die andere rechts am Schlittenende in einem langen pelzverbr\u00e4mten gelben Mantel. Zwischen den Schlittenkufen, vor dem Sitzkasten, w\u00e4chst aus Schilf eine hellgekleidete weibliche allegorische Gestalt mit Zweisack in der Rechten heraus\", die Zeichnung ist unten rechts mit \"Goethe (ein Redoutenaufzug in Weimar)\" bezeichnet.<br>\n","genealogie":"","primaer":["<a href=\"https:\/\/berlinerklassik.bbaw.de\/bibliographie\/9671\" class=\"link-hover text-primary\">J. F. Reichardt - J. W. Goethe<\/a>"],"sekundaer":["<a href=\"https:\/\/berlinerklassik.bbaw.de\/bibliographie\/778\" class=\"link-hover text-primary\">Der junge Goethe<\/a>","<a href=\"https:\/\/berlinerklassik.bbaw.de\/bibliographie\/2755\" class=\"link-hover text-primary\">Von erwachendem Bewu\u00dftsein und vom S\u00fcndenfall<\/a>","<a href=\"https:\/\/berlinerklassik.bbaw.de\/bibliographie\/5693\" class=\"link-hover text-primary\">Weimar und der Berliner Klassizismus<\/a>","<a href=\"https:\/\/berlinerklassik.bbaw.de\/bibliographie\/6383\" class=\"link-hover text-primary\">Zwischen Dichtung und Philologie<\/a>","<a href=\"https:\/\/berlinerklassik.bbaw.de\/bibliographie\/9705\" class=\"link-hover text-primary\">Goethe, die Antike und Wilhelm Uhden<\/a>","<a href=\"https:\/\/berlinerklassik.bbaw.de\/bibliographie\/9818\" class=\"link-hover text-primary\">Goethe und Friedrich Bury<\/a>","<a href=\"https:\/\/berlinerklassik.bbaw.de\/bibliographie\/10295\" class=\"link-hover text-primary\">Goethe und Ramler<\/a>"],"berlinaufenthalte":[],"fach":["Literatur","Politik"],"institution":[],"ort":[],"verein":[],"quellen_liste":null,"quellen_allgemein":""}}