
{"meta":{"meta-title":"Johann Friedrich Frick < Personen","meta-description":"Johann Friedrich Frick < Personen","canonical-url":"https:\/\/berlinerklassik.bbaw.de\/personen\/790","api-url":"https:\/\/berlinerklassik.bbaw.de\/api\/personen\/790","zitat":{"bereich":"Person","bearbeitet":"","titel":"Johann Friedrich Frick"},"count":{"lebensdaten":9,"namensformen":0,"genealogie":0,"biographie":1,"werke":0,"berlinaufenthalte":0,"register":0,"quellen":0},"translations":"personen","breadcrumb":[{"url":"https:\/\/berlinerklassik.bbaw.de\/personen","text":"Personen"},{"url":"https:\/\/berlinerklassik.bbaw.de\/personen\/790","text":"Johann Friedrich Frick"}]},"data":{"id":790,"zusatz_id":790,"meta":{"meta-title":"Johann Friedrich Frick < Personen","meta-description":"Johann Friedrich Frick < Personen","canonical-url":"https:\/\/berlinerklassik.bbaw.de\/personen\/790","api-url":"https:\/\/berlinerklassik.bbaw.de\/api\/personen\/790"},"title":"Johann Friedrich Frick","nachname":"Frick","vorname":"Johann Friedrich","lexikal-name":null,"titel":"","adelstitel":"","adelspraedikat":"","geburtsdatum":"31.10.1774","geburtsort":"Berlin","geburtsland":null,"staatsangehoerigkeit":"","geschlecht":"m\u00e4nnlich","konfession":"","sterbedatum":"21.09.1850","sterbeort":"Kreuznach","sterbeland":null,"berufe":["Kupferstecher"],"vereine":[" <a href=\"https:\/\/berlinerklassik.bbaw.de\/geselligkeit\/45\" class=\"link-hover text-primary\">Akademie der K\u00fcnste<\/a>"],"bekanntschaften":[],"dynastie":null,"geburtsname":null,"gebadelspraedikat":"","gebtitel":"","geschieden":null,"verwitwet":null,"pseudonym":null,"namensvarianten":null,"namensaenderung":null,"lebenslauf":"\n  <b>1799<br><\/b>ver\u00f6ffentlicht \"Das Schlo\u00df Marienburg in Preu\u00dfen\", nach eigenen Vorlagen un den Zeichnungen von Friedrich Gilly.<b><br><br>1803<br>\n  <\/b> Mitglied der Akademie der K\u00fcnste.<br><br><b>1808<\/b><br>Professor an der AdK<br><br>Ausgestellte Werke:<br><br>Das Refectorium in seinem gegenw\u00e4rtigen Zustande. Der Saal ist 96 Fu\u00df lang und 48 Fu\u00df breit.<br><br>Portal des \u00e4ltesten Theils des Schlosses.<br><br>Ansicht der Stadt und des Schlosses Marienburg, von der Poststra\u00dfe nach Elbing.<br><br>Portal des \u00e4ltesten Teils des Schlosses.<br><br>1. Ausgang aus dem alten Schlosse. 2.Gew\u00f6lbe unter dem Refectorium.<br><br>Eingang zur St.Annen - Kapelle.<br><br>Schlo\u00dfkirche mit einer Nische, welche das Bildni\u00df der Maria mit dem Jesuskinde, von 16 Fu\u00df H\u00f6he, in ganz vorspringender Figur, enth\u00e4lt. Figur und Nische sind ganz mit Mosaik \u00fcberzogen.<br><br>Korridor vor dem Kapitel-Saal.<br><br>Eingang zum Kapitel-Saal.<br><br>Kapitel-Saal im vormaligen Zustande. Dieser Saal hat 44 Fu\u00df im Quadrat, und ist bis zum Schlusse der W\u00f6lbung 29 1\/2 Fu\u00df hoch.<br><br>Facade des Kapitel-Saals.<br><br>Refectorium im gegenw\u00e4rtigen Zustande. Dieser Saal ist 96 Fu\u00df lang und 48 Fu\u00df breit.<br><br>1. Saal in der zweiten Keller-Etage. 2. Korridor in der ersten Keller-Etage. 3. Eingang zum Mittel-Schlosse. 4. Der Buttermilchs-Thurm. 5. Das Wasser-Thor.<br><br>&nbsp;Wasserleitung bei Georgensdorf unweit Marienburg.<br><br>In einer Mappe 1. ein Titelblatt mit dem Wappen des Ordens. 2. Sechs Bl\u00e4tter Grundrisse, Durchschnitte und Verzierungen, nebst den dazu geh\u00f6rigen historischen und architektonischen Erl\u00e4uterungen.<br><br>H\u00e4usliche Andacht. In Aqua Tinta bearbeitet nach einem 3 1\/4 Fu\u00df hohen und 4 Fu\u00df breiten Gem\u00e4lde des Gerhard Honthorst.<br><br>Vier Andachten milit\u00e4rischer Gegenst\u00e4nde in Aqua tinta bearbeitet und koloriert.Nach der Natur gezeichnet von Carl Wilhelm Kolbe aus Berlin. a. Das Dragoner-Regiment Kurf\u00fcrst- Pfalz-Bayern im Lager bei Berlin. b. Das Kurassier-Regiment Schleinitz im Lager bei Berlin.<br>c. Das Einr\u00fccken der Garde zu Corps ins Lager bei Potsdam. d. Das Herbstman\u00f6ver im Jahre 1803 bei Borne unweit Potsdam.<br><br>(B\u00f6rsch-Supan, Kataloge Bd.1, 1798:99.100, 1802:196-208, 1804:54.55)<br>\n ","genealogie":"","primaer":null,"sekundaer":null,"berlinaufenthalte":[],"fach":[],"institution":[],"ort":[],"verein":[],"quellen_liste":null,"quellen_allgemein":""}}