
{"meta":{"meta-title":"Adolph Friedrich Harper < Personen","meta-description":"Adolph Friedrich Harper < Personen","canonical-url":"https:\/\/berlinerklassik.bbaw.de\/personen\/882","api-url":"https:\/\/berlinerklassik.bbaw.de\/api\/personen\/882","zitat":{"bereich":"Person","bearbeitet":"","titel":"Adolph Friedrich Harper"},"count":{"lebensdaten":9,"namensformen":0,"genealogie":0,"biographie":1,"werke":1,"berlinaufenthalte":0,"register":2,"quellen":0},"translations":"personen","breadcrumb":[{"url":"https:\/\/berlinerklassik.bbaw.de\/personen","text":"Personen"},{"url":"https:\/\/berlinerklassik.bbaw.de\/personen\/882","text":"Adolph Friedrich Harper"}]},"data":{"id":882,"zusatz_id":882,"meta":{"meta-title":"Adolph Friedrich Harper < Personen","meta-description":"Adolph Friedrich Harper < Personen","canonical-url":"https:\/\/berlinerklassik.bbaw.de\/personen\/882","api-url":"https:\/\/berlinerklassik.bbaw.de\/api\/personen\/882"},"title":"Adolph Friedrich Harper","nachname":"Harper","vorname":"Adolph Friedrich","lexikal-name":null,"titel":"","adelstitel":"","adelspraedikat":"","geburtsdatum":"15.10.1725","geburtsort":"Berlin","geburtsland":null,"staatsangehoerigkeit":"","geschlecht":"m\u00e4nnlich","konfession":"","sterbedatum":"23.06.1806","sterbeort":"Berlin","sterbeland":null,"berufe":["Landschaftsmaler"],"vereine":[" <a href=\"https:\/\/berlinerklassik.bbaw.de\/geselligkeit\/45\" class=\"link-hover text-primary\">Akademie der K\u00fcnste<\/a>"],"bekanntschaften":[],"dynastie":null,"geburtsname":null,"gebadelspraedikat":"","gebtitel":"","geschieden":null,"verwitwet":null,"pseudonym":null,"namensvarianten":null,"namensaenderung":null,"lebenslauf":"\n  <b>1725<br>\n  <\/b> Adolph Friedrich Harper wird am 15. Oktober als \u00e4ltester Sohn des\n  Malers Johann Harper und Maria Barbara, Tochter des Kupferstechers J. G.\n  Wolfgang in Berlin geboren. <br><br><b>1750<br><\/b>Aufenthalt in Paris. Harper nimmt hier m\u00f6glicherweise Unterricht bei Joseph Vernet. (Becker, S. 338)<b><br><\/b>\n   <br>\n   <b>1752 bis 1756<\/b> <br>\n   Aufenthalt in Rom. Studium bei dem englischen Lanschaftsmaler Richard Wilson.\n  Kontakt mit Winckelmann. (Becker, S. 338)<br>\n   <br>\n   <b>1759<br>\n  <\/b> Ernennung zum Hofmaler bei Carl Eugen von W\u00fcrttemberg. <br>\n   <br>\n   <b>1783<br>\n  <\/b> Ernennung zum Ehrenmitglied der Akademie der K\u00fcnste in Berlin. Brief an die AdK<br><br><b>1786<br><\/b>Beteiligung an der Berliner Akademieausstellung:<br>\"Drey gro\u00dfe Landschaften in Oel gemahlt\", \"Zwey kleinere, r\u00f6mische Gegenden vorstellend. Diese geh\u00f6ren zu einer Sammlung von hundert St\u00fccken\" (B\u00f6rsch-Supan; Kataloge, 1. Bd. 1786:100-104).<br>Der Katalog bezeichnet Harper als \"Hofmahler in Stutgard\".<br><br><b>1787<br><\/b>Beteiligung an der Berliner Akademieausstellung:<br>\"Eine Landschaft mit untergehender Sonne\", \"Zwey Wasserf\u00e4lle zu Terne\" (B\u00f6rsch-Supan, Kataloge, 1. Bd. 1787:136.137).<br>Bemerkung des Kataloges: \"Herr Director Harper, in Stutgard\".<br><br><b>1788<br><\/b>Beteiligung an der Berliner Akademieausstellung:<br>\"Eine Landschaft\" (B\u00f6rsch-Supan, Kataloge, 1. Bd. 1788:124)<br>Bemerkung des Kataloges: s. 1787.<br>\n   <br>\n   <b>1798<br>\n  <\/b> Umzug nach Berlin.<br><b><br>Christopher Drum<\/b><br><br>Literatur<br>Becker, Wolfgang: Paris und die deutsche Malerei. 1750-1840 [= Studien zur Kunst des neunzehnten Jahrhunderts, Bd. 10], M\u00fcnchen 1971. 507 S.<br><br><span style=\"color: rgb(255, 102, 102);\">Rathgeb, Sabine<\/span>: Jahrbuch Staatl. Kunstsammlungen in Baden-W\u00fcrttemberg 36 (1999)<br>","genealogie":"","primaer":null,"sekundaer":["<a href=\"https:\/\/berlinerklassik.bbaw.de\/bibliographie\/6282\" class=\"link-hover text-primary\">Adolf Friedrich Harper (1725 - 1806)<\/a>","<a href=\"https:\/\/berlinerklassik.bbaw.de\/bibliographie\/6283\" class=\"link-hover text-primary\">Die Landschaftsgem\u00e4lde des Malers Adolph Friedrich Harper im Bestand der Stiftung Weimarer Klassik, Museen<\/a>"],"berlinaufenthalte":[],"fach":["Bildende Kunst"],"institution":["Akademie der K\u00fcnste"],"ort":[],"verein":[],"quellen_liste":null,"quellen_allgemein":""}}